{"id":46377,"date":"2023-03-22T06:15:23","date_gmt":"2023-03-22T10:15:23","guid":{"rendered":"https:\/\/jms.com.bo\/mediamonitor\/2023\/03\/22\/fallece-un-nino-de-9-anos-con-sintomas-de-dengue-en-santa-cruz\/"},"modified":"2023-03-22T06:15:23","modified_gmt":"2023-03-22T10:15:23","slug":"fallece-un-nino-de-9-anos-con-sintomas-de-dengue-en-santa-cruz","status":"publish","type":"post","link":"https:\/\/jms.com.bo\/mediamonitor\/2023\/03\/22\/fallece-un-nino-de-9-anos-con-sintomas-de-dengue-en-santa-cruz\/","title":{"rendered":"Fallece un ni\u00f1o de 9 a\u00f1os con s\u00edntomas de dengue en Santa Cruz"},"content":{"rendered":"<p style=\"text-align: justify;\">Un ni\u00f1o de nueve a\u00f1os falleci\u00f3 este martes con s\u00edntomas de dengue en el Hospital Pedi\u00e1trico Mario Ortiz de Santa Cruz.<\/p>\n<p style=\"text-align: justify;\">Seg\u00fan Unitel, el menor permaneci\u00f3 al menos nueve d\u00edas en la UTI.<\/p>\n<p style=\"text-align: justify;\">El peque\u00f1o Jhon V\u00edctor ingres\u00f3 al hospital el pasado s\u00e1bado 11 de marzo con s\u00edntomas graves de la enfermedad transmitida por la picadura de un mosquito.<\/p>\n<p style=\"text-align: justify;\">Los familiares del ni\u00f1o esperaron para recuperar el cuerpo para llevarlo hasta el barrio Cortez, zona Plan Cuatro Mil, donde le dar\u00e1n el \u00faltimo adi\u00f3s.<\/p>\n<p style=\"text-align: justify;\">Los padres del peque\u00f1o pidieron ayuda a la poblaci\u00f3n para poder velarlo y enterrarlo. Se habilit\u00f3 el n\u00famero telef\u00f3nico 69297910.<\/p>\n","protected":false},"excerpt":{"rendered":"<p>Un ni\u00f1o de nueve a\u00f1os falleci\u00f3 este martes con s\u00edntomas de dengue en el Hospital Pedi\u00e1trico Mario Ortiz de Santa Cruz. Seg\u00fan Unitel, el menor permaneci\u00f3 al menos nueve d\u00edas en la UTI. El peque\u00f1o Jhon V\u00edctor ingres\u00f3 al hospital el pasado s\u00e1bado 11 de marzo con s\u00edntomas graves de la enfermedad transmitida por la [&hellip;]<\/p>\n","protected":false},"author":4,"featured_media":46378,"comment_status":"open","ping_status":"closed","sticky":false,"template":"","format":"standard","meta":{"footnotes":""},"categories":[53],"tags":[],"class_list":{"0":"post-46377","1":"post","2":"type-post","3":"status-publish","4":"format-standard","5":"has-post-thumbnail","7":"category-salud"},"_links":{"self":[{"href":"https:\/\/jms.com.bo\/mediamonitor\/wp-json\/wp\/v2\/posts\/46377","targetHints":{"allow":["GET"]}}],"collection":[{"href":"https:\/\/jms.com.bo\/mediamonitor\/wp-json\/wp\/v2\/posts"}],"about":[{"href":"https:\/\/jms.com.bo\/mediamonitor\/wp-json\/wp\/v2\/types\/post"}],"author":[{"embeddable":true,"href":"https:\/\/jms.com.bo\/mediamonitor\/wp-json\/wp\/v2\/users\/4"}],"replies":[{"embeddable":true,"href":"https:\/\/jms.com.bo\/mediamonitor\/wp-json\/wp\/v2\/comments?post=46377"}],"version-history":[{"count":0,"href":"https:\/\/jms.com.bo\/mediamonitor\/wp-json\/wp\/v2\/posts\/46377\/revisions"}],"wp:featuredmedia":[{"embeddable":true,"href":"https:\/\/jms.com.bo\/mediamonitor\/wp-json\/wp\/v2\/media\/46378"}],"wp:attachment":[{"href":"https:\/\/jms.com.bo\/mediamonitor\/wp-json\/wp\/v2\/media?parent=46377"}],"wp:term":[{"taxonomy":"category","embeddable":true,"href":"https:\/\/jms.com.bo\/mediamonitor\/wp-json\/wp\/v2\/categories?post=46377"},{"taxonomy":"post_tag","embeddable":true,"href":"https:\/\/jms.com.bo\/mediamonitor\/wp-json\/wp\/v2\/tags?post=46377"}],"curies":[{"name":"wp","href":"https:\/\/api.w.org\/{rel}","templated":true}]}}