{"id":46379,"date":"2023-03-22T06:17:10","date_gmt":"2023-03-22T10:17:10","guid":{"rendered":"https:\/\/jms.com.bo\/mediamonitor\/2023\/03\/22\/piden-al-ejecutivo-un-plan-de-rescate-economico-para-el-sector-de-la-castana\/"},"modified":"2023-03-22T06:17:10","modified_gmt":"2023-03-22T10:17:10","slug":"piden-al-ejecutivo-un-plan-de-rescate-economico-para-el-sector-de-la-castana","status":"publish","type":"post","link":"https:\/\/jms.com.bo\/mediamonitor\/2023\/03\/22\/piden-al-ejecutivo-un-plan-de-rescate-economico-para-el-sector-de-la-castana\/","title":{"rendered":"Piden al Ejecutivo un plan de rescate econ\u00f3mico para el sector de la casta\u00f1a"},"content":{"rendered":"<p style=\"text-align: justify;\">La C\u00e1mara Agropecuaria del Beni exhort\u00f3 al gobierno central a implementar un plan de rescate econ\u00f3mico en beneficio del sector de la casta\u00f1a, en la regi\u00f3n Amaz\u00f3nica del pa\u00eds, el cual se encuentra en una situaci\u00f3n de crisis.<\/p>\n<p style=\"text-align: justify;\">\u201cAnte estas condiciones de estancamiento en la exportaci\u00f3n y el peligro de la paralizaci\u00f3n de la cadena productiva de la casta\u00f1a, exhortamos al gobierno central a desarrollar inmediatamente un plan de rescate econ\u00f3mico y de inversi\u00f3n para la reactivaci\u00f3n financiera\u201d, se\u00f1alan en un pronunciamiento firmado por el presidente de la mencionada instituci\u00f3n, Alfredo Tababary.<\/p>\n<p style=\"text-align: justify;\">El senador por Beni Fernando Vaca felicit\u00f3 el pronunciamiento y las propuestas plasmadas en el mismo.<\/p>\n<p style=\"text-align: justify;\">Entre las sugerencias est\u00e1n crear un fondo compensatorio para la compra de casta\u00f1a no exportada en esta gesti\u00f3n, impulsar desde el Estado la apertura de nuevos mercados, facilitar el acceso a cr\u00e9ditos para los productores en el Banco de Desarrollo Productivo y el Banco Uni\u00f3n, priorizar el desarrollo integral y sustentable en la Amazon\u00eda.<\/p>\n<p style=\"text-align: justify;\">Asimismo, se plante\u00f3 aplicar la ley de la casta\u00f1a, que declara \u201cprioridad nacional la producci\u00f3n, industrializaci\u00f3n y comercializaci\u00f3n\u201d de este fruto amaz\u00f3nico.<\/p>\n<p style=\"text-align: justify;\">\n","protected":false},"excerpt":{"rendered":"<p>La C\u00e1mara Agropecuaria del Beni exhort\u00f3 al gobierno central a implementar un plan de rescate econ\u00f3mico en beneficio del sector de la casta\u00f1a, en la regi\u00f3n Amaz\u00f3nica del pa\u00eds, el cual se encuentra en una situaci\u00f3n de crisis. \u201cAnte estas condiciones de estancamiento en la exportaci\u00f3n y el peligro de la paralizaci\u00f3n de la cadena [&hellip;]<\/p>\n","protected":false},"author":4,"featured_media":46380,"comment_status":"open","ping_status":"closed","sticky":false,"template":"","format":"standard","meta":{"footnotes":""},"categories":[52],"tags":[],"class_list":{"0":"post-46379","1":"post","2":"type-post","3":"status-publish","4":"format-standard","5":"has-post-thumbnail","7":"category-alimentos-agroindustria"},"_links":{"self":[{"href":"https:\/\/jms.com.bo\/mediamonitor\/wp-json\/wp\/v2\/posts\/46379","targetHints":{"allow":["GET"]}}],"collection":[{"href":"https:\/\/jms.com.bo\/mediamonitor\/wp-json\/wp\/v2\/posts"}],"about":[{"href":"https:\/\/jms.com.bo\/mediamonitor\/wp-json\/wp\/v2\/types\/post"}],"author":[{"embeddable":true,"href":"https:\/\/jms.com.bo\/mediamonitor\/wp-json\/wp\/v2\/users\/4"}],"replies":[{"embeddable":true,"href":"https:\/\/jms.com.bo\/mediamonitor\/wp-json\/wp\/v2\/comments?post=46379"}],"version-history":[{"count":0,"href":"https:\/\/jms.com.bo\/mediamonitor\/wp-json\/wp\/v2\/posts\/46379\/revisions"}],"wp:featuredmedia":[{"embeddable":true,"href":"https:\/\/jms.com.bo\/mediamonitor\/wp-json\/wp\/v2\/media\/46380"}],"wp:attachment":[{"href":"https:\/\/jms.com.bo\/mediamonitor\/wp-json\/wp\/v2\/media?parent=46379"}],"wp:term":[{"taxonomy":"category","embeddable":true,"href":"https:\/\/jms.com.bo\/mediamonitor\/wp-json\/wp\/v2\/categories?post=46379"},{"taxonomy":"post_tag","embeddable":true,"href":"https:\/\/jms.com.bo\/mediamonitor\/wp-json\/wp\/v2\/tags?post=46379"}],"curies":[{"name":"wp","href":"https:\/\/api.w.org\/{rel}","templated":true}]}}