{"id":46385,"date":"2023-03-22T06:24:19","date_gmt":"2023-03-22T10:24:19","guid":{"rendered":"https:\/\/jms.com.bo\/mediamonitor\/2023\/03\/22\/padres-de-familia-se-declaran-en-emergencia-rechazan-paro-de-maestros\/"},"modified":"2023-03-22T06:24:19","modified_gmt":"2023-03-22T10:24:19","slug":"padres-de-familia-se-declaran-en-emergencia-rechazan-paro-de-maestros","status":"publish","type":"post","link":"https:\/\/jms.com.bo\/mediamonitor\/2023\/03\/22\/padres-de-familia-se-declaran-en-emergencia-rechazan-paro-de-maestros\/","title":{"rendered":"Padres de familia se declaran en emergencia, rechazan paro de maestros"},"content":{"rendered":"<p style=\"text-align: justify;\">La Junta Departamental de Madres y Padres de Familia de Tarija emiti\u00f3 una resoluci\u00f3n en la que se declaran en estado de emergencia, en rechazo al anuncio de la dirigencia del magisterio urbano de un paro de 24 horas para este viernes como protesta ante la ruptura de di\u00e1logo con el Ministerio de Educaci\u00f3n la ma\u00f1ana de este martes.<\/p>\n<p style=\"text-align: justify;\">En dicha resoluci\u00f3n reconocen que los maestros tienen el derecho a movilizarse por sus demandas sindicales, pero cuestionan que incluyan en sus medidas la suspensi\u00f3n de actividades educativas por el perjuicio que representa para los estudiantes. En uno de sus puntos, incluso los responsabilizan por cualquier situaci\u00f3n de violencia o inseguridad a la que se vean expuestos los menores de edad en caso de ser despachados de las escuelas.<\/p>\n<p style=\"text-align: justify;\">Adem\u00e1s, exigen que se d\u00e9 continuidad al trabajo de reordenamiento de los docentes para cumplir la demanda de las unidades educativas que m\u00e1s lo requieran.<\/p>\n","protected":false},"excerpt":{"rendered":"<p>La Junta Departamental de Madres y Padres de Familia de Tarija emiti\u00f3 una resoluci\u00f3n en la que se declaran en estado de emergencia, en rechazo al anuncio de la dirigencia del magisterio urbano de un paro de 24 horas para este viernes como protesta ante la ruptura de di\u00e1logo con el Ministerio de Educaci\u00f3n la [&hellip;]<\/p>\n","protected":false},"author":4,"featured_media":46386,"comment_status":"open","ping_status":"closed","sticky":false,"template":"","format":"standard","meta":{"footnotes":""},"categories":[49],"tags":[],"class_list":{"0":"post-46385","1":"post","2":"type-post","3":"status-publish","4":"format-standard","5":"has-post-thumbnail","7":"category-social"},"_links":{"self":[{"href":"https:\/\/jms.com.bo\/mediamonitor\/wp-json\/wp\/v2\/posts\/46385","targetHints":{"allow":["GET"]}}],"collection":[{"href":"https:\/\/jms.com.bo\/mediamonitor\/wp-json\/wp\/v2\/posts"}],"about":[{"href":"https:\/\/jms.com.bo\/mediamonitor\/wp-json\/wp\/v2\/types\/post"}],"author":[{"embeddable":true,"href":"https:\/\/jms.com.bo\/mediamonitor\/wp-json\/wp\/v2\/users\/4"}],"replies":[{"embeddable":true,"href":"https:\/\/jms.com.bo\/mediamonitor\/wp-json\/wp\/v2\/comments?post=46385"}],"version-history":[{"count":0,"href":"https:\/\/jms.com.bo\/mediamonitor\/wp-json\/wp\/v2\/posts\/46385\/revisions"}],"wp:featuredmedia":[{"embeddable":true,"href":"https:\/\/jms.com.bo\/mediamonitor\/wp-json\/wp\/v2\/media\/46386"}],"wp:attachment":[{"href":"https:\/\/jms.com.bo\/mediamonitor\/wp-json\/wp\/v2\/media?parent=46385"}],"wp:term":[{"taxonomy":"category","embeddable":true,"href":"https:\/\/jms.com.bo\/mediamonitor\/wp-json\/wp\/v2\/categories?post=46385"},{"taxonomy":"post_tag","embeddable":true,"href":"https:\/\/jms.com.bo\/mediamonitor\/wp-json\/wp\/v2\/tags?post=46385"}],"curies":[{"name":"wp","href":"https:\/\/api.w.org\/{rel}","templated":true}]}}