{"id":46387,"date":"2023-03-22T06:25:51","date_gmt":"2023-03-22T10:25:51","guid":{"rendered":"https:\/\/jms.com.bo\/mediamonitor\/2023\/03\/22\/dialogo-de-sordos-el-magisterio-exige-propuesta-clara-para-volver-a-negociar\/"},"modified":"2023-03-22T06:25:51","modified_gmt":"2023-03-22T10:25:51","slug":"dialogo-de-sordos-el-magisterio-exige-propuesta-clara-para-volver-a-negociar","status":"publish","type":"post","link":"https:\/\/jms.com.bo\/mediamonitor\/2023\/03\/22\/dialogo-de-sordos-el-magisterio-exige-propuesta-clara-para-volver-a-negociar\/","title":{"rendered":"\u2018Di\u00e1logo de sordos\u2019, el magisterio exige propuesta clara para volver a negociar"},"content":{"rendered":"<p style=\"text-align: justify;\">Los petardos, marchas y enfrentamientos no cesan. El magisterio urbano cumpli\u00f3 ya m\u00e1s de una semana de medidas de presi\u00f3n en un conflicto que no hace m\u00e1s que empeorar. Un \u201cdi\u00e1logo de sordos\u201d que no ha permitido consenso; los maestros exigen una respuesta clara del Ministerio de Educaci\u00f3n para volver a negociar.<\/p>\n<p style=\"text-align: justify;\">\u201cNosotros ya nos estamos cansando de mesas de di\u00e1logo sin propuestas claras. Si el ministro realmente quiere sentarse a dialogar con los maestros urbanos debe hacer llegar una propuesta clara de cu\u00e1ntos \u00edtems m\u00e1s va a aumentar para los maestros, cu\u00e1ntas horas va a tener para pagar el d\u00e9ficit hist\u00f3rico, si va a retroceder en una malla improvisada (\u2026) Si el ministro nos responde de esa forma, nosotros vamos a asistir al di\u00e1logo\u201d, afirm\u00f3 a La Raz\u00f3n Ludwin Salazar, ejecutivo de la Confederaci\u00f3n de Maestros Urbanos.<\/p>\n<p style=\"text-align: justify;\">La tensi\u00f3n sube. Educaci\u00f3n consider\u00f3 que el sector movilizado tiene una actitud intransigente, pero no se cerr\u00f3 a continuar el di\u00e1logo. Los maestros se preparan para seguir las marchas y sumarles bloqueos y un paro de actividades desde este viernes.<\/p>\n<p style=\"text-align: justify;\">\u201cVamos a radicalizar nuestras medidas, vamos a seguir moviliz\u00e1ndonos en La Paz y a nivel nacional. Nosotros ratificamos el paro de 24 horas para el viernes, un paro acompa\u00f1ado por movilizaciones, con suspensi\u00f3n de actividades, con bloqueo de carreteras, con cierre de fronteras a nivel nacional, porque los maestros est\u00e1n enardecidos\u201d.<\/p>\n<p style=\"text-align: justify;\">DI\u00c1LOGO<\/p>\n<p style=\"text-align: justify;\">La ma\u00f1ana de este martes fracas\u00f3 el intento de consenso que hab\u00eda convocado el Ministerio de Educaci\u00f3n. Mientras en oficinas de la cartera estatal se reun\u00edan representantes del Gobierno y el magisterio, afuera las marchas segu\u00edan.<\/p>\n<p style=\"text-align: justify;\">No hubo humo blanco. Las negociaciones fracasaron y se rompi\u00f3 el di\u00e1logo tras seis horas de reuni\u00f3n. De nuevo, el magisterio sali\u00f3 a las calles de la ciudad de La Paz en la tarde y una vez m\u00e1s se enfrent\u00f3 con la Polic\u00eda.<\/p>\n<p style=\"text-align: justify;\">La Confederaci\u00f3n de Trabajadores de Educaci\u00f3n Urbana de Bolivia (CTEUB) exige el cumplimiento de cinco demandas: m\u00e1s \u00edtems, mayor presupuesto, compensaci\u00f3n de carga horaria, realizaci\u00f3n de un congreso nacional y el rechazo a la malla curricular.<\/p>\n<p style=\"text-align: justify;\">\u201cDe los cinco puntos del pliego petitorio de la CTEUB, dos pasan a las mesas de di\u00e1logo de la Central Obrera Boliviana (COB), ayer (lunes) nos han expresado que el pliego es resultado del pedido de las dos confederaciones (urbana y rural); pero hoy nos dicen que el tema del presupuesto de la educaci\u00f3n se aborda con ellos en esta mesa. Para nosotros eso es intransigencia\u201d, afirm\u00f3 el ministro de Educaci\u00f3n, \u00c9dgar Pary.<\/p>\n<p style=\"text-align: justify;\">Con acusaciones de un lado y del otro, el consenso parece lejano. Ahora, la continuidad de las clases es amenazada y ya el Ministerio de Trabajo ha advertido con descuentos a los maestros que no se presenten a su fuente laboral, adem\u00e1s que una medida de este tipo atentar\u00eda contra el derecho a la educaci\u00f3n de los ni\u00f1os y adolescentes.<\/p>\n<p style=\"text-align: justify;\">\u201cHemos tenido seis horas de di\u00e1logo en la ma\u00f1ana, pero un di\u00e1logo de sordos\u201d, dijo el dirigente.<\/p>\n","protected":false},"excerpt":{"rendered":"<p>Los petardos, marchas y enfrentamientos no cesan. El magisterio urbano cumpli\u00f3 ya m\u00e1s de una semana de medidas de presi\u00f3n en un conflicto que no hace m\u00e1s que empeorar. Un \u201cdi\u00e1logo de sordos\u201d que no ha permitido consenso; los maestros exigen una respuesta clara del Ministerio de Educaci\u00f3n para volver a negociar. \u201cNosotros ya nos [&hellip;]<\/p>\n","protected":false},"author":4,"featured_media":46388,"comment_status":"open","ping_status":"closed","sticky":false,"template":"","format":"standard","meta":{"footnotes":""},"categories":[49],"tags":[],"class_list":{"0":"post-46387","1":"post","2":"type-post","3":"status-publish","4":"format-standard","5":"has-post-thumbnail","7":"category-social"},"_links":{"self":[{"href":"https:\/\/jms.com.bo\/mediamonitor\/wp-json\/wp\/v2\/posts\/46387","targetHints":{"allow":["GET"]}}],"collection":[{"href":"https:\/\/jms.com.bo\/mediamonitor\/wp-json\/wp\/v2\/posts"}],"about":[{"href":"https:\/\/jms.com.bo\/mediamonitor\/wp-json\/wp\/v2\/types\/post"}],"author":[{"embeddable":true,"href":"https:\/\/jms.com.bo\/mediamonitor\/wp-json\/wp\/v2\/users\/4"}],"replies":[{"embeddable":true,"href":"https:\/\/jms.com.bo\/mediamonitor\/wp-json\/wp\/v2\/comments?post=46387"}],"version-history":[{"count":0,"href":"https:\/\/jms.com.bo\/mediamonitor\/wp-json\/wp\/v2\/posts\/46387\/revisions"}],"wp:featuredmedia":[{"embeddable":true,"href":"https:\/\/jms.com.bo\/mediamonitor\/wp-json\/wp\/v2\/media\/46388"}],"wp:attachment":[{"href":"https:\/\/jms.com.bo\/mediamonitor\/wp-json\/wp\/v2\/media?parent=46387"}],"wp:term":[{"taxonomy":"category","embeddable":true,"href":"https:\/\/jms.com.bo\/mediamonitor\/wp-json\/wp\/v2\/categories?post=46387"},{"taxonomy":"post_tag","embeddable":true,"href":"https:\/\/jms.com.bo\/mediamonitor\/wp-json\/wp\/v2\/tags?post=46387"}],"curies":[{"name":"wp","href":"https:\/\/api.w.org\/{rel}","templated":true}]}}