{"id":46391,"date":"2023-03-22T06:29:46","date_gmt":"2023-03-22T10:29:46","guid":{"rendered":"https:\/\/jms.com.bo\/mediamonitor\/2023\/03\/22\/ine-concluye-actualizacion-cartografica-en-el-municipio-paceno-el-avance-nacional-es-de-79\/"},"modified":"2023-03-22T06:29:46","modified_gmt":"2023-03-22T10:29:46","slug":"ine-concluye-actualizacion-cartografica-en-el-municipio-paceno-el-avance-nacional-es-de-79","status":"publish","type":"post","link":"https:\/\/jms.com.bo\/mediamonitor\/2023\/03\/22\/ine-concluye-actualizacion-cartografica-en-el-municipio-paceno-el-avance-nacional-es-de-79\/","title":{"rendered":"INE concluye actualizaci\u00f3n cartogr\u00e1fica en el municipio pace\u00f1o, el avance nacional es de 79%"},"content":{"rendered":"<p style=\"text-align: justify;\">El director General Ejecutivo del Instituto Nacional de Estad\u00edstica (INE), Humberto Arandia inform\u00f3 que se concluy\u00f3 con la actualizaci\u00f3n cartogr\u00e1fica en el municipio de La Paz e indic\u00f3 que a nivel nacional el avance es del 79%.<\/p>\n<p style=\"text-align: justify;\">\u201cHoy es un d\u00eda muy importante, un d\u00eda donde podemos se\u00f1alar de manera clara y enf\u00e1tica que hemos llegado al 100% de la actualizaci\u00f3n cartogr\u00e1fica en el municipio de La Paz (&#8230;). Los objetivos t\u00e9cnicos asociados a la actualizaci\u00f3n cartogr\u00e1fica han sido cumplidos a cabalidad en un periodo de seis meses, que se inicia el 19 de septiembre del 2022 y se concluye el 17 de marzo del 2023 de manera exitosa\u201d, dijo Arandia en conferencia de prensa.<\/p>\n<p style=\"text-align: justify;\">Por su parte el alcalde de La Paz, Iv\u00e1n Arias, resalt\u00f3 el logr\u00f3 como un producto de voluntad pol\u00edtica.<\/p>\n<p style=\"text-align: justify;\">\u201cComo todo nada es f\u00e1cil, todo depende de la voluntad pol\u00edtica que tenemos. Tuve una posici\u00f3n clara sobre que el censo se pod\u00eda hacer en 2023, pero me di cuenta con una frase con la que fui a Santa Cruz y les dije \u2018ceder para crecer\u2019 (&#8230;). Lo que a m\u00ed me interesa es el bien com\u00fan, una vez que nos pusimos a trabajar con el INE en seis meses logramos lo que parec\u00eda imposible y eso es una vez m\u00e1s es la sumatoria de voluntades\u201d, expres\u00f3 Arias.<\/p>\n<p style=\"text-align: justify;\">79% de avance a nivel nacional<\/p>\n<p style=\"text-align: justify;\">Sobre el avance de la actualizaci\u00f3n cartogr\u00e1fica a nivel nacional el director del INE dijo que se lleg\u00f3 al 79,6%.<\/p>\n<p style=\"text-align: justify;\">\u201cA nivel nacional a las 2:00 de la tarde de hoy llegamos al 79,4%, pero destacar que a las 4:00 de la tarde esto lleg\u00f3 al 79,6%. Llegamos al 79% de avance a nivel nacional, con un 5.1% de proceso y tan solo 15,5% de residuo para terminar nuestro trabajo en el mes de agosto\u201d, apunt\u00f3 Arandia.<\/p>\n<p style=\"text-align: justify;\">La m\u00e1xima autoridad del INE, dijo que la actualizaci\u00f3n ya fue concluida en tres departamentos: Pando, Beni y Oruro y seg\u00fan el avance se espera que los siguientes ser\u00e1n Potos\u00ed, Chuquisaca, Tarija, La Paz, Santa Cruz y finalmente Cochabamba.<\/p>\n","protected":false},"excerpt":{"rendered":"<p>El director General Ejecutivo del Instituto Nacional de Estad\u00edstica (INE), Humberto Arandia inform\u00f3 que se concluy\u00f3 con la actualizaci\u00f3n cartogr\u00e1fica en el municipio de La Paz e indic\u00f3 que a nivel nacional el avance es del 79%. \u201cHoy es un d\u00eda muy importante, un d\u00eda donde podemos se\u00f1alar de manera clara y enf\u00e1tica que hemos [&hellip;]<\/p>\n","protected":false},"author":4,"featured_media":46392,"comment_status":"open","ping_status":"closed","sticky":false,"template":"","format":"standard","meta":{"footnotes":""},"categories":[20],"tags":[],"class_list":{"0":"post-46391","1":"post","2":"type-post","3":"status-publish","4":"format-standard","5":"has-post-thumbnail","7":"category-actualidad"},"_links":{"self":[{"href":"https:\/\/jms.com.bo\/mediamonitor\/wp-json\/wp\/v2\/posts\/46391","targetHints":{"allow":["GET"]}}],"collection":[{"href":"https:\/\/jms.com.bo\/mediamonitor\/wp-json\/wp\/v2\/posts"}],"about":[{"href":"https:\/\/jms.com.bo\/mediamonitor\/wp-json\/wp\/v2\/types\/post"}],"author":[{"embeddable":true,"href":"https:\/\/jms.com.bo\/mediamonitor\/wp-json\/wp\/v2\/users\/4"}],"replies":[{"embeddable":true,"href":"https:\/\/jms.com.bo\/mediamonitor\/wp-json\/wp\/v2\/comments?post=46391"}],"version-history":[{"count":0,"href":"https:\/\/jms.com.bo\/mediamonitor\/wp-json\/wp\/v2\/posts\/46391\/revisions"}],"wp:featuredmedia":[{"embeddable":true,"href":"https:\/\/jms.com.bo\/mediamonitor\/wp-json\/wp\/v2\/media\/46392"}],"wp:attachment":[{"href":"https:\/\/jms.com.bo\/mediamonitor\/wp-json\/wp\/v2\/media?parent=46391"}],"wp:term":[{"taxonomy":"category","embeddable":true,"href":"https:\/\/jms.com.bo\/mediamonitor\/wp-json\/wp\/v2\/categories?post=46391"},{"taxonomy":"post_tag","embeddable":true,"href":"https:\/\/jms.com.bo\/mediamonitor\/wp-json\/wp\/v2\/tags?post=46391"}],"curies":[{"name":"wp","href":"https:\/\/api.w.org\/{rel}","templated":true}]}}