{"id":46395,"date":"2023-03-22T06:35:37","date_gmt":"2023-03-22T10:35:37","guid":{"rendered":"https:\/\/jms.com.bo\/mediamonitor\/2023\/03\/22\/cancelaron-personalidad-juridica-del-partido-socialista-y-no-hay-ningun-tramite-de-renovacion\/"},"modified":"2023-03-22T06:35:37","modified_gmt":"2023-03-22T10:35:37","slug":"cancelaron-personalidad-juridica-del-partido-socialista-y-no-hay-ningun-tramite-de-renovacion","status":"publish","type":"post","link":"https:\/\/jms.com.bo\/mediamonitor\/2023\/03\/22\/cancelaron-personalidad-juridica-del-partido-socialista-y-no-hay-ningun-tramite-de-renovacion\/","title":{"rendered":"Cancelaron personalidad jur\u00eddica del Partido Socialista y no hay ning\u00fan tr\u00e1mite de renovaci\u00f3n"},"content":{"rendered":"<p style=\"text-align: justify;\">\u00abLa cancelaci\u00f3n de la personalidad jur\u00eddica del PS-1 procedi\u00f3 por aplicaci\u00f3n de lo establecido en art\u00edculo 93, inciso c) y en el 152 de la Ley Electoral del 5 de julio de 1991, en relaci\u00f3n a la no participaci\u00f3n en dos procesos electorales consecutivos y la no devoluci\u00f3n del valor proporcional del costo de la impresi\u00f3n de papeletas electorales\u00bb, se\u00f1ala el informe en respuesta a la diputada Luciana Campero, de Comunidad Ciudadana (CC).<\/p>\n<p style=\"text-align: justify;\">El Partido Socialista (PS 1) no tiene personalidad jur\u00eddica desde 1999, cuando fue cancelada por la ex Corte NacionalElectoral, seg\u00fan informe oficial del Tribunal Supremo Electoral (TSE)<\/p>\n<p style=\"text-align: justify;\">A fines del 2022, el dirigente de esa agrupaci\u00f3n pol\u00edtica, Rimmy Gonz\u00e1lez, habl\u00f3 de la posibilidad de que el presidente Luis Arce sea candidato para las elecciones generales de 2025. Gonz\u00e1lez tambi\u00e9n anunci\u00f3 el relanzamiento y la tramitaci\u00f3n de la personer\u00eda jur\u00eddica.<\/p>\n<p style=\"text-align: justify;\">El \u00f3rgano electoral se\u00f1ala que a la fecha no existe ning\u00fan pedido para la renovaci\u00f3n del Partido Socialista que registr\u00f3 en octubre de 1989 a un directorio nacional integrado por Germ\u00e1n Guti\u00e9rrez Gantier, Ramiro Rivera, Jhonny Morat\u00f3 Morales, Fernando \u00c1lvarez Plata y Jacinto Vel\u00e1squez Calvimontes.<\/p>\n<p style=\"text-align: justify;\">\u00abRevisados los antecedentes, no cursa en el TSE tr\u00e1mite de reconocimiento de personalidad jur\u00eddica del PS-1 iniciado conforme al procedimiento establecido en el Reglamento para la Otorgaci\u00f3n de personalidad jur\u00eddica y actualizaci\u00f3n de militancia de organizaciones pol\u00edticas\u00bb, menciona textualmente el informe remitido a Campero.<\/p>\n<p style=\"text-align: justify;\">El PS-1 fue fundado por Marcelo Quiroga Santa Cruz junto a un grupo de intelectuales y dirigentes sindicales en 1971, pero despu\u00e9s qued\u00f3 proscrito en la dictadura militar de Hugo Banzer Su\u00e1rez.<\/p>\n<p style=\"text-align: justify;\">\n","protected":false},"excerpt":{"rendered":"<p>\u00abLa cancelaci\u00f3n de la personalidad jur\u00eddica del PS-1 procedi\u00f3 por aplicaci\u00f3n de lo establecido en art\u00edculo 93, inciso c) y en el 152 de la Ley Electoral del 5 de julio de 1991, en relaci\u00f3n a la no participaci\u00f3n en dos procesos electorales consecutivos y la no devoluci\u00f3n del valor proporcional del costo de la [&hellip;]<\/p>\n","protected":false},"author":4,"featured_media":46396,"comment_status":"open","ping_status":"closed","sticky":false,"template":"","format":"standard","meta":{"footnotes":""},"categories":[18],"tags":[],"class_list":{"0":"post-46395","1":"post","2":"type-post","3":"status-publish","4":"format-standard","5":"has-post-thumbnail","7":"category-politica"},"_links":{"self":[{"href":"https:\/\/jms.com.bo\/mediamonitor\/wp-json\/wp\/v2\/posts\/46395","targetHints":{"allow":["GET"]}}],"collection":[{"href":"https:\/\/jms.com.bo\/mediamonitor\/wp-json\/wp\/v2\/posts"}],"about":[{"href":"https:\/\/jms.com.bo\/mediamonitor\/wp-json\/wp\/v2\/types\/post"}],"author":[{"embeddable":true,"href":"https:\/\/jms.com.bo\/mediamonitor\/wp-json\/wp\/v2\/users\/4"}],"replies":[{"embeddable":true,"href":"https:\/\/jms.com.bo\/mediamonitor\/wp-json\/wp\/v2\/comments?post=46395"}],"version-history":[{"count":0,"href":"https:\/\/jms.com.bo\/mediamonitor\/wp-json\/wp\/v2\/posts\/46395\/revisions"}],"wp:featuredmedia":[{"embeddable":true,"href":"https:\/\/jms.com.bo\/mediamonitor\/wp-json\/wp\/v2\/media\/46396"}],"wp:attachment":[{"href":"https:\/\/jms.com.bo\/mediamonitor\/wp-json\/wp\/v2\/media?parent=46395"}],"wp:term":[{"taxonomy":"category","embeddable":true,"href":"https:\/\/jms.com.bo\/mediamonitor\/wp-json\/wp\/v2\/categories?post=46395"},{"taxonomy":"post_tag","embeddable":true,"href":"https:\/\/jms.com.bo\/mediamonitor\/wp-json\/wp\/v2\/tags?post=46395"}],"curies":[{"name":"wp","href":"https:\/\/api.w.org\/{rel}","templated":true}]}}