{"id":46397,"date":"2023-03-22T06:37:11","date_gmt":"2023-03-22T10:37:11","guid":{"rendered":"https:\/\/jms.com.bo\/mediamonitor\/2023\/03\/22\/en-el-gobierno-dicen-que-evo-no-definira-a-los-candidatos-judiciales\/"},"modified":"2023-03-22T06:37:11","modified_gmt":"2023-03-22T10:37:11","slug":"en-el-gobierno-dicen-que-evo-no-definira-a-los-candidatos-judiciales","status":"publish","type":"post","link":"https:\/\/jms.com.bo\/mediamonitor\/2023\/03\/22\/en-el-gobierno-dicen-que-evo-no-definira-a-los-candidatos-judiciales\/","title":{"rendered":"En el Gobierno dicen que Evo no definir\u00e1 a los candidatos judiciales"},"content":{"rendered":"<p style=\"text-align: justify;\">Esta vez fue el turno del Gobierno. El ministro de Justicia, Iv\u00e1n Lima, se\u00f1al\u00f3 que \u201cla gran diferencia de esta elecci\u00f3n judicial con las anteriores es que en esta elecci\u00f3n no va a decidir (el expresidente y l\u00edder del Movimiento Al Socialismo) Evo Morales\u201d.<\/p>\n<p style=\"text-align: justify;\">\u201cA confesi\u00f3n de parte, relevo de pruebas, ministro Lima. El exmagistrado liquidador del Tribunal Supremo de Justicia en 2014, confiesa que Evo Morales decid\u00eda cargos judiciales. Prueba del Estado putrefacto, de la justicia masista. Reforma judicial urgente para salvar Estado y democracia\u201d, escribi\u00f3 en su cuenta de Twitter el abogado constitucionalista Jos\u00e9 Luis Santistevan.<\/p>\n<p style=\"text-align: justify;\">Lima enfatiz\u00f3 que en la nueva elecci\u00f3n de autoridades judiciales \u201cvan a decidir los miembros de la Asamblea Legislativa por dos tercios de votos, pero el MAS (Movimiento Al Socialismo) no tiene dos tercios en este momento\u201d.<\/p>\n<p style=\"text-align: justify;\">Entonces, \u201cquien dice que esto no es verdad y no es una realidad est\u00e1 haci\u00e9ndole un juego a la pr\u00f3rroga de los actuales magistrados; preg\u00fantele ustedes a todo el pa\u00eds si quieren que los actuales magistrados se queden y se prorroguen en el mandato, la respuesta va a ser clara; exhortamos a toda la clase pol\u00edtica que trabaje con nosotros para lograr la renovaci\u00f3n de los tribunales de justicia\u201d, sostuvo Lima.<\/p>\n<p style=\"text-align: justify;\">Sin embargo, \u201cnosotros apostamos como Gobierno nacional que Luis Fernando Camacho (l\u00edder de Creemos) y Carlos Mesa (l\u00edder de Comunidad Ciudadana) dejen de buscar la pr\u00f3rroga de los actuales magistrados\u201d, se\u00f1al\u00f3 Lima.<\/p>\n<p style=\"text-align: justify;\">Para el diputado del MAS Ramiro Venegas, Lima \u201cest\u00e1 obsesionado\u201d con Morales, sus aseveraciones son \u201cnefastas\u201d y tienen una \u201cintencionalidad perversa&#8230; Si Evo aparece acribillado ya sabemos qui\u00e9n va a ser el autor\u201d, manifest\u00f3. Las cr\u00edticas contra la aseveraci\u00f3n de Lima se extendieron a miembros de la oposici\u00f3n.<\/p>\n<p style=\"text-align: justify;\">\n","protected":false},"excerpt":{"rendered":"<p>Esta vez fue el turno del Gobierno. El ministro de Justicia, Iv\u00e1n Lima, se\u00f1al\u00f3 que \u201cla gran diferencia de esta elecci\u00f3n judicial con las anteriores es que en esta elecci\u00f3n no va a decidir (el expresidente y l\u00edder del Movimiento Al Socialismo) Evo Morales\u201d. \u201cA confesi\u00f3n de parte, relevo de pruebas, ministro Lima. El exmagistrado [&hellip;]<\/p>\n","protected":false},"author":4,"featured_media":46398,"comment_status":"open","ping_status":"closed","sticky":false,"template":"","format":"standard","meta":{"footnotes":""},"categories":[18],"tags":[],"class_list":{"0":"post-46397","1":"post","2":"type-post","3":"status-publish","4":"format-standard","5":"has-post-thumbnail","7":"category-politica"},"_links":{"self":[{"href":"https:\/\/jms.com.bo\/mediamonitor\/wp-json\/wp\/v2\/posts\/46397","targetHints":{"allow":["GET"]}}],"collection":[{"href":"https:\/\/jms.com.bo\/mediamonitor\/wp-json\/wp\/v2\/posts"}],"about":[{"href":"https:\/\/jms.com.bo\/mediamonitor\/wp-json\/wp\/v2\/types\/post"}],"author":[{"embeddable":true,"href":"https:\/\/jms.com.bo\/mediamonitor\/wp-json\/wp\/v2\/users\/4"}],"replies":[{"embeddable":true,"href":"https:\/\/jms.com.bo\/mediamonitor\/wp-json\/wp\/v2\/comments?post=46397"}],"version-history":[{"count":0,"href":"https:\/\/jms.com.bo\/mediamonitor\/wp-json\/wp\/v2\/posts\/46397\/revisions"}],"wp:featuredmedia":[{"embeddable":true,"href":"https:\/\/jms.com.bo\/mediamonitor\/wp-json\/wp\/v2\/media\/46398"}],"wp:attachment":[{"href":"https:\/\/jms.com.bo\/mediamonitor\/wp-json\/wp\/v2\/media?parent=46397"}],"wp:term":[{"taxonomy":"category","embeddable":true,"href":"https:\/\/jms.com.bo\/mediamonitor\/wp-json\/wp\/v2\/categories?post=46397"},{"taxonomy":"post_tag","embeddable":true,"href":"https:\/\/jms.com.bo\/mediamonitor\/wp-json\/wp\/v2\/tags?post=46397"}],"curies":[{"name":"wp","href":"https:\/\/api.w.org\/{rel}","templated":true}]}}