{"id":46399,"date":"2023-03-22T06:38:31","date_gmt":"2023-03-22T10:38:31","guid":{"rendered":"https:\/\/jms.com.bo\/mediamonitor\/2023\/03\/22\/camacho-conade-cocaleros-y-periodistas-piden-audiencia-con-delegacion-de-la-cidh\/"},"modified":"2023-03-22T06:38:31","modified_gmt":"2023-03-22T10:38:31","slug":"camacho-conade-cocaleros-y-periodistas-piden-audiencia-con-delegacion-de-la-cidh","status":"publish","type":"post","link":"https:\/\/jms.com.bo\/mediamonitor\/2023\/03\/22\/camacho-conade-cocaleros-y-periodistas-piden-audiencia-con-delegacion-de-la-cidh\/","title":{"rendered":"Camacho, Conade, cocaleros y periodistas piden audiencia con delegaci\u00f3n de la CIDH"},"content":{"rendered":"<p style=\"text-align: justify;\">El gobernador de Santa Cruz, Luis Fernando Camacho, pidi\u00f3 una audiencia con la delegaci\u00f3n de la Comisi\u00f3n Interamericana de Derechos Humanos (CIDH) que llegar\u00e1 a Bolivia para realizar una visita \u201cin loco\u201d. A trav\u00e9s de una carta dijo que expondr\u00e1 su caso como \u201cprisionero pol\u00edtico\u201d del gobierno de Luis Arce Catacora.<\/p>\n<p style=\"text-align: justify;\">\u201cA tiempo de agradecer su visita a Bolivia para constatar las graves violaciones a los derechos humanos de los ciudadanos que pensamos distinto, solicito una audiencia con los comisionados para que conozcan mi caso: Soy Luis Fernando Camacho Vaca, gobernador electo de Santa Cruz con m\u00e1s del 55% de los votos y hoy soy un prisionero pol\u00edtico del gobierno de Luis Arce\u201d, se lee en la misiva. A\u00f1ade que dejar\u00e1 constancia de las \u201cgraves violaciones y vulneraciones\u201d al debido proceso, al derecho a la salud y a la privacidad.<\/p>\n<p style=\"text-align: justify;\">\u201cTengo la esperanza de ser o\u00eddo por ustedes, dado que en Bolivia el sistema judicial no es independiente\u201d, finaliza su carta fechada el 20 de enero y enviada desde la c\u00e1rcel de Chonchocoro.<\/p>\n<p style=\"text-align: justify;\">Se prev\u00e9 que al menos cinco de los siete comisionados visiten Bolivia entre el 23 y 30 de marzo.<\/p>\n<p style=\"text-align: justify;\">Anteriormente el Comit\u00e9 Nacional de Defensa de la Democracia (Conade) solicit\u00f3 que se visite tambi\u00e9n a la expresidenta Jeanine A\u00f1ez y al dirigente cocalero C\u00e9sar Apaza.<\/p>\n<p style=\"text-align: justify;\">Tambi\u00e9n el ejecutivo provincial de la Federaci\u00f3n de Campesinos de Chulumani, Diego Cahuapaza, inform\u00f3 que la Asociaci\u00f3n de Productores de Coca de La Paz (Adepcoca) pedir\u00e1 a la CIDH que visite a C\u00e9sar Apaza en la c\u00e1rcel de Chonchocoro por su cr\u00edtica situaci\u00f3n de salud.<\/p>\n<p style=\"text-align: justify;\">Adem\u00e1s, las asociaciones de periodistas del pa\u00eds tambi\u00e9n pidieron solicitaron una audiencia con la delegaci\u00f3n de la CIDH.<\/p>\n<p style=\"text-align: justify;\">La representaci\u00f3n del gremio period\u00edstico envi\u00f3 una carta a Tania Reneaum, secretaria ejecutiva de la CIDH, para formalizar su solicitud. Anunciaron que presentar\u00e1n un informe sobre la vulneraci\u00f3n a la libertad de expresi\u00f3n y, adem\u00e1s, denunciar\u00e1n la falta de garant\u00edas para el trabajo period\u00edstico.<\/p>\n","protected":false},"excerpt":{"rendered":"<p>El gobernador de Santa Cruz, Luis Fernando Camacho, pidi\u00f3 una audiencia con la delegaci\u00f3n de la Comisi\u00f3n Interamericana de Derechos Humanos (CIDH) que llegar\u00e1 a Bolivia para realizar una visita \u201cin loco\u201d. A trav\u00e9s de una carta dijo que expondr\u00e1 su caso como \u201cprisionero pol\u00edtico\u201d del gobierno de Luis Arce Catacora. \u201cA tiempo de agradecer [&hellip;]<\/p>\n","protected":false},"author":4,"featured_media":46400,"comment_status":"open","ping_status":"closed","sticky":false,"template":"","format":"standard","meta":{"footnotes":""},"categories":[18,48,46],"tags":[],"class_list":{"0":"post-46399","1":"post","2":"type-post","3":"status-publish","4":"format-standard","5":"has-post-thumbnail","7":"category-politica","8":"category-portada-general-sitio","9":"category-portada-politica"},"_links":{"self":[{"href":"https:\/\/jms.com.bo\/mediamonitor\/wp-json\/wp\/v2\/posts\/46399","targetHints":{"allow":["GET"]}}],"collection":[{"href":"https:\/\/jms.com.bo\/mediamonitor\/wp-json\/wp\/v2\/posts"}],"about":[{"href":"https:\/\/jms.com.bo\/mediamonitor\/wp-json\/wp\/v2\/types\/post"}],"author":[{"embeddable":true,"href":"https:\/\/jms.com.bo\/mediamonitor\/wp-json\/wp\/v2\/users\/4"}],"replies":[{"embeddable":true,"href":"https:\/\/jms.com.bo\/mediamonitor\/wp-json\/wp\/v2\/comments?post=46399"}],"version-history":[{"count":0,"href":"https:\/\/jms.com.bo\/mediamonitor\/wp-json\/wp\/v2\/posts\/46399\/revisions"}],"wp:featuredmedia":[{"embeddable":true,"href":"https:\/\/jms.com.bo\/mediamonitor\/wp-json\/wp\/v2\/media\/46400"}],"wp:attachment":[{"href":"https:\/\/jms.com.bo\/mediamonitor\/wp-json\/wp\/v2\/media?parent=46399"}],"wp:term":[{"taxonomy":"category","embeddable":true,"href":"https:\/\/jms.com.bo\/mediamonitor\/wp-json\/wp\/v2\/categories?post=46399"},{"taxonomy":"post_tag","embeddable":true,"href":"https:\/\/jms.com.bo\/mediamonitor\/wp-json\/wp\/v2\/tags?post=46399"}],"curies":[{"name":"wp","href":"https:\/\/api.w.org\/{rel}","templated":true}]}}