{"id":46402,"date":"2023-03-22T06:42:37","date_gmt":"2023-03-22T10:42:37","guid":{"rendered":"https:\/\/jms.com.bo\/mediamonitor\/2023\/03\/22\/ordenan-paralizacion-de-actividad-minera-de-la-empresa-gran-poder-korihuayco-en-yolosa\/"},"modified":"2023-03-22T06:42:37","modified_gmt":"2023-03-22T10:42:37","slug":"ordenan-paralizacion-de-actividad-minera-de-la-empresa-gran-poder-korihuayco-en-yolosa","status":"publish","type":"post","link":"https:\/\/jms.com.bo\/mediamonitor\/2023\/03\/22\/ordenan-paralizacion-de-actividad-minera-de-la-empresa-gran-poder-korihuayco-en-yolosa\/","title":{"rendered":"Ordenan paralizaci\u00f3n de actividad minera de la empresa Gran Poder Korihuayco en Yolosa"},"content":{"rendered":"<p style=\"text-align: justify;\">Tras una inspecci\u00f3n a cargo de la Fiscal\u00eda y la Polic\u00eda, este martes se orden\u00f3 la paralizaci\u00f3n de la actividad minera de la empresa Gran Poder Korihuayco, ubicada en la cuenca del r\u00edo Yolosa, en Coroico.<\/p>\n<p style=\"text-align: justify;\">Seg\u00fan la p\u00e1gina La Voz de la Naturaleza, varias comunidades como Coroico Viejo, Santo Domingo y Yolosa, denunciaron actividad minera ilegal en la cuenca del r\u00edo de esta zona de La Paz.<\/p>\n<p style=\"text-align: justify;\">Los denunciantes presentaron los documentos correspondientes a la Autoridad Jurisdiccional Administrativa Minera (AJAM) y a la Polic\u00eda Forestal y Preservaci\u00f3n del Medio Ambiente.<\/p>\n<p style=\"text-align: justify;\">Este martes, el fiscal Ramiro Cadena y efectivos de la Polic\u00eda llegaron hasta el municipio de Coroico para verificar la denuncia.<\/p>\n<p style=\"text-align: justify;\">Intervinieron la empresa Gran Poder Korihuayco y detuvieron a tres personas que llevaban dinamitas.<\/p>\n<p style=\"text-align: justify;\">Asimismo, el fiscal orden\u00f3 precintar el \u00e1rea para evitar que la empresa contin\u00fae con la actividad ilegal.<\/p>\n<p style=\"text-align: justify;\">Los pobladores de las comunidades se quejaron de la constante aparici\u00f3n de la miner\u00eda ilegal en el sector y agradecieron la pronta intervenci\u00f3n de las autoridades.<\/p>\n<p style=\"text-align: justify;\">La miner\u00eda ilegal en los Yungas se increment\u00f3 en los \u00faltimos a\u00f1os, pese a la oposici\u00f3n de los pobladores. El Gobierno atendi\u00f3 varios conflictos producto de la miner\u00eda ilegal que genera enfrentamientos por \u00e1reas de trabajo y con la poblaci\u00f3n.<\/p>\n","protected":false},"excerpt":{"rendered":"<p>Tras una inspecci\u00f3n a cargo de la Fiscal\u00eda y la Polic\u00eda, este martes se orden\u00f3 la paralizaci\u00f3n de la actividad minera de la empresa Gran Poder Korihuayco, ubicada en la cuenca del r\u00edo Yolosa, en Coroico. Seg\u00fan la p\u00e1gina La Voz de la Naturaleza, varias comunidades como Coroico Viejo, Santo Domingo y Yolosa, denunciaron actividad [&hellip;]<\/p>\n","protected":false},"author":4,"featured_media":46403,"comment_status":"open","ping_status":"closed","sticky":false,"template":"","format":"standard","meta":{"footnotes":""},"categories":[25],"tags":[],"class_list":{"0":"post-46402","1":"post","2":"type-post","3":"status-publish","4":"format-standard","5":"has-post-thumbnail","7":"category-economia"},"_links":{"self":[{"href":"https:\/\/jms.com.bo\/mediamonitor\/wp-json\/wp\/v2\/posts\/46402","targetHints":{"allow":["GET"]}}],"collection":[{"href":"https:\/\/jms.com.bo\/mediamonitor\/wp-json\/wp\/v2\/posts"}],"about":[{"href":"https:\/\/jms.com.bo\/mediamonitor\/wp-json\/wp\/v2\/types\/post"}],"author":[{"embeddable":true,"href":"https:\/\/jms.com.bo\/mediamonitor\/wp-json\/wp\/v2\/users\/4"}],"replies":[{"embeddable":true,"href":"https:\/\/jms.com.bo\/mediamonitor\/wp-json\/wp\/v2\/comments?post=46402"}],"version-history":[{"count":0,"href":"https:\/\/jms.com.bo\/mediamonitor\/wp-json\/wp\/v2\/posts\/46402\/revisions"}],"wp:featuredmedia":[{"embeddable":true,"href":"https:\/\/jms.com.bo\/mediamonitor\/wp-json\/wp\/v2\/media\/46403"}],"wp:attachment":[{"href":"https:\/\/jms.com.bo\/mediamonitor\/wp-json\/wp\/v2\/media?parent=46402"}],"wp:term":[{"taxonomy":"category","embeddable":true,"href":"https:\/\/jms.com.bo\/mediamonitor\/wp-json\/wp\/v2\/categories?post=46402"},{"taxonomy":"post_tag","embeddable":true,"href":"https:\/\/jms.com.bo\/mediamonitor\/wp-json\/wp\/v2\/tags?post=46402"}],"curies":[{"name":"wp","href":"https:\/\/api.w.org\/{rel}","templated":true}]}}