{"id":46408,"date":"2023-03-22T06:50:00","date_gmt":"2023-03-22T10:50:00","guid":{"rendered":"https:\/\/jms.com.bo\/mediamonitor\/2023\/03\/22\/nicaragua-alcanzo-80-por-ciento-de-electricidad-con-energia-renovable\/"},"modified":"2023-03-22T06:50:00","modified_gmt":"2023-03-22T10:50:00","slug":"nicaragua-alcanzo-80-por-ciento-de-electricidad-con-energia-renovable","status":"publish","type":"post","link":"https:\/\/jms.com.bo\/mediamonitor\/2023\/03\/22\/nicaragua-alcanzo-80-por-ciento-de-electricidad-con-energia-renovable\/","title":{"rendered":"Nicaragua alcanz\u00f3 80 por ciento de electricidad con energ\u00eda renovable"},"content":{"rendered":"<p style=\"text-align: justify;\">La matriz de generaci\u00f3n el\u00e9ctrica en Nicaragua marca hoy un r\u00e9cord nacional con La utilizaci\u00f3n de fuentes renovables de energ\u00eda, estrategia que este mes alcanz\u00f3 el 80 por ciento en el pa\u00eds, informaron fuentes oficiales.<\/p>\n<p>Seg\u00fan el Ministerio de Energ\u00eda y Minas (MEM), dicho porcentaje lo aport\u00f3 en un 0.49 por ciento la energ\u00eda solar; 11.77 hidroel\u00e9ctrica; 14.04 geot\u00e9rmica; 19.05 biomasa; 22.60 e\u00f3lica y 12.05 por ciento importaciones del mercado el\u00e9ctrico regional.<\/p>\n<p style=\"text-align: justify;\">A trav\u00e9s de un informe, el ente precis\u00f3 que la cobertura el\u00e9ctrica en este pa\u00eds centroamericano avanza de forma sostenida, alcanzando el 99,27 por ciento en febrero \u00faltimo, y se espera llagar la 99,29 al finalizar el mes marzo.<\/p>\n<p style=\"text-align: justify;\">Agreg\u00f3 que desde el 2007, cuando regres\u00f3 al poder el Gobierno sandinista, hasta la fecha, se registran aqu\u00ed 690 mil 694 viviendas electrificadas, proceso que benefici\u00f3 a unos tres millones 633 mil 465 habitantes.<\/p>\n<p style=\"text-align: justify;\">La entidad nicarag\u00fcense aludi\u00f3 a la normalizaci\u00f3n de asentamientos en el occidente y norte del pa\u00eds y agreg\u00f3 que este a\u00f1o pretenden electrificar m\u00e1s de seis mil viviendas con una inversi\u00f3n de 22,8 millones de d\u00f3lares financiados por el Banco Centroamericano de Integraci\u00f3n Econ\u00f3mica.<\/p>\n<p style=\"text-align: justify;\">De acuerdo con el bolet\u00edn Informe Pastr\u00e1n, Nicaragua contin\u00faa con la ejecuci\u00f3n de importantes inversiones en nuevas subestaciones el\u00e9ctricas como la Ticuantepe I, con una inversi\u00f3n de 6,70 millones de d\u00f3lares.<\/p>\n","protected":false},"excerpt":{"rendered":"<p>La matriz de generaci\u00f3n el\u00e9ctrica en Nicaragua marca hoy un r\u00e9cord nacional con La utilizaci\u00f3n de fuentes renovables de energ\u00eda, estrategia que este mes alcanz\u00f3 el 80 por ciento en el pa\u00eds, informaron fuentes oficiales. Seg\u00fan el Ministerio de Energ\u00eda y Minas (MEM), dicho porcentaje lo aport\u00f3 en un 0.49 por ciento la energ\u00eda solar; [&hellip;]<\/p>\n","protected":false},"author":4,"featured_media":46409,"comment_status":"open","ping_status":"closed","sticky":false,"template":"","format":"standard","meta":{"footnotes":""},"categories":[39],"tags":[],"class_list":{"0":"post-46408","1":"post","2":"type-post","3":"status-publish","4":"format-standard","5":"has-post-thumbnail","7":"category-energia"},"_links":{"self":[{"href":"https:\/\/jms.com.bo\/mediamonitor\/wp-json\/wp\/v2\/posts\/46408","targetHints":{"allow":["GET"]}}],"collection":[{"href":"https:\/\/jms.com.bo\/mediamonitor\/wp-json\/wp\/v2\/posts"}],"about":[{"href":"https:\/\/jms.com.bo\/mediamonitor\/wp-json\/wp\/v2\/types\/post"}],"author":[{"embeddable":true,"href":"https:\/\/jms.com.bo\/mediamonitor\/wp-json\/wp\/v2\/users\/4"}],"replies":[{"embeddable":true,"href":"https:\/\/jms.com.bo\/mediamonitor\/wp-json\/wp\/v2\/comments?post=46408"}],"version-history":[{"count":0,"href":"https:\/\/jms.com.bo\/mediamonitor\/wp-json\/wp\/v2\/posts\/46408\/revisions"}],"wp:featuredmedia":[{"embeddable":true,"href":"https:\/\/jms.com.bo\/mediamonitor\/wp-json\/wp\/v2\/media\/46409"}],"wp:attachment":[{"href":"https:\/\/jms.com.bo\/mediamonitor\/wp-json\/wp\/v2\/media?parent=46408"}],"wp:term":[{"taxonomy":"category","embeddable":true,"href":"https:\/\/jms.com.bo\/mediamonitor\/wp-json\/wp\/v2\/categories?post=46408"},{"taxonomy":"post_tag","embeddable":true,"href":"https:\/\/jms.com.bo\/mediamonitor\/wp-json\/wp\/v2\/tags?post=46408"}],"curies":[{"name":"wp","href":"https:\/\/api.w.org\/{rel}","templated":true}]}}