{"id":46467,"date":"2023-03-23T05:46:36","date_gmt":"2023-03-23T09:46:36","guid":{"rendered":"https:\/\/jms.com.bo\/mediamonitor\/2023\/03\/23\/la-gobernacion-propone-un-bono-de-te-de-bs-7-a-trabajadores-del-sedes\/"},"modified":"2023-03-23T05:46:36","modified_gmt":"2023-03-23T09:46:36","slug":"la-gobernacion-propone-un-bono-de-te-de-bs-7-a-trabajadores-del-sedes","status":"publish","type":"post","link":"https:\/\/jms.com.bo\/mediamonitor\/2023\/03\/23\/la-gobernacion-propone-un-bono-de-te-de-bs-7-a-trabajadores-del-sedes\/","title":{"rendered":"La Gobernaci\u00f3n propone un bono de t\u00e9 de Bs 7 a trabajadores del Sedes"},"content":{"rendered":"<p style=\"text-align: justify;\">La Secretar\u00eda de Desarrollo Humano de la Gobernaci\u00f3n ha ratificado que no cuenta con los recursos suficientes para cumplir con un bono de refrigerio de 15 bolivianos, que exigen los trabajadores del Servicio Departamental de Salud (Sedes), sector que cumpli\u00f3 un paro de 48 horas y no descarta radicalizar la medida de presi\u00f3n. Los movilizados, adem\u00e1s, demandan la rector\u00eda de la instituci\u00f3n a la pertenecen, para administrar los fondos que generan los diferentes programas.<\/p>\n<p style=\"text-align: justify;\">La propuesta de la Gobernaci\u00f3n es cancelar un bono igualitario de 7 bolivianos.<\/p>\n<p style=\"text-align: justify;\">La ma\u00f1ana del mi\u00e9rcoles 22 de marzo, los trabajadores en salud bloquearon el ingreso a las oficinas donde se halla la Secretar\u00eda de Econom\u00eda y Finanzas de la Gobernaci\u00f3n. Lourdes Carrazana, dirigente de este sector, explic\u00f3 que el bono de refrigerio significa, aproximadamente, entre 280 a 300 bolivianos al mes para cada trabajador, que va como parte de su salario.<\/p>\n<p style=\"text-align: justify;\">Los trabajadores piden la rector\u00eda del Sedes, para administrar los recursos de esa instituci\u00f3n \u201ccomo mejor veamos conveniente\u201d<br \/>\n\u201cEllos (la Gobernaci\u00f3n) lo que pretenden hacer es bajarnos el 3% de lo que es nuestro sueldo, y eso no lo vamos a permitir. Son 15 a\u00f1os que nosotros percibimos esto, y no ha sido f\u00e1cil, ha sido resultado de una lucha, \u00bfpor qu\u00e9 de un plumazo vamos a permitir que la Gobernaci\u00f3n nos baje la mitad?\u201d, dijo Carrazana, a trav\u00e9s de Plus TLT, a tiempo de recalcar que esa partida sale del presupuesto del Sedes.<\/p>\n<p style=\"text-align: justify;\">Es por ello que los trabajadores piden la rector\u00eda del Sedes, para administrar los recursos de esa instituci\u00f3n \u201ccomo mejor veamos conveniente\u201d.<\/p>\n<p style=\"text-align: justify;\">La secretaria de Desarrollo Humano, Mar\u00eda Lourdes Vaca, lament\u00f3 que los trabajadores del Sedes, incluyendo los trabajadores del Hospital Regional San Juan de Dios, hayan paralizado actividades, m\u00e1s cuando se tiene una crisis por el dengue.<\/p>\n<p style=\"text-align: justify;\">Vaca ratific\u00f3 que la Gobernaci\u00f3n no puede cumplir con el bono refrigerio y explic\u00f3, a los demandantes, la situaci\u00f3n financiera por la que atraviesa el Gobierno departamental.<\/p>\n<p style=\"text-align: justify;\">\u201cEn estos dos \u00faltimos meses hemos recibido una reducci\u00f3n de ingresos departamentales que afecta directamente a salud, educaci\u00f3n y programas sociales\u201d, detall\u00f3.<\/p>\n<p style=\"text-align: justify;\">La secretaria record\u00f3 que la demanda es un bono de refrigerio de 15 bolivianos y la propuesta de la Gobernaci\u00f3n es que sea de 7 bolivianos, a todo el tercer nivel, es decir, para el Hospital Regional, Banco de Sangre, Intraid y el Hospital Virgen de Chaguaya de Bermejo.<\/p>\n<p style=\"text-align: justify;\">En cuanto a la rector\u00eda que demandan los trabajadores del Sedes, Vaca indic\u00f3 que actualmente existe un proceso de reingenier\u00eda del sector salud, ya que actualmente la Gobernaci\u00f3n asume costos que no son de su competencia.<\/p>\n<p style=\"text-align: justify;\">\u201cEstoy hablando de recursos humanos, son 620 \u00edtems que est\u00e1 pagando la Gobernaci\u00f3n y que 338 de ellos est\u00e1n funcionando en los gobiernos municipales, por lo tanto, son los gobiernos municipales lo que tienen que asumir esta responsabilidad, porque, adem\u00e1s, tienen recursos que les transfiere el SUS y es el doble de lo que recibe la Gobernaci\u00f3n\u201d, detall\u00f3.<\/p>\n<p style=\"text-align: justify;\">La propuesta de la Gobernaci\u00f3n es un bono de 7 bolivianos, a todo el tercer nivel, es decir, para el Hospital Regional, Banco de Sangre, Intraid y el Hospital Virgen de Chaguaya de Bermejo<br \/>\nEn ese sentido, Vaca considera que antes de analizar la rector\u00eda del Sedes, por un tema de refrigerio, se debe evaluar c\u00f3mo se asumen competencias y c\u00f3mo se fortalecen los programas de salud.<\/p>\n<p style=\"text-align: justify;\">\u201cYo apelo al di\u00e1logo, estamos abiertos a eso. Les hemos explicado por qu\u00e9 no se puede sostener ese bono que solicitan, ya no tenemos los recursos que ten\u00edamos antes, hay un nuevo contexto econ\u00f3mico. Entendemos su derecho, pero no tenemos la disponibilidad econ\u00f3mica\u201d, asegur\u00f3.<\/p>\n<p style=\"text-align: justify;\">La secretaria de Desarrollo Humano de la Gobernaci\u00f3n, Mar\u00eda Lourdes Vaca, record\u00f3 que Tarija, en estos \u00faltimos meses, registr\u00f3 una importante reducci\u00f3n de recursos econ\u00f3micos, como es el caso de las regal\u00edas por concepto del Impuesto Especial a los Hidrocarburos y sus Derivados (IEHD).<\/p>\n<p style=\"text-align: justify;\">Detall\u00f3 que deber\u00eda percibir 2,5 millones de bolivianos por mes y s\u00f3lo en enero recibi\u00f3 72.000 bolivianos y en febrero 52.000 bolivianos.<\/p>\n","protected":false},"excerpt":{"rendered":"<p>La Secretar\u00eda de Desarrollo Humano de la Gobernaci\u00f3n ha ratificado que no cuenta con los recursos suficientes para cumplir con un bono de refrigerio de 15 bolivianos, que exigen los trabajadores del Servicio Departamental de Salud (Sedes), sector que cumpli\u00f3 un paro de 48 horas y no descarta radicalizar la medida de presi\u00f3n. Los movilizados, [&hellip;]<\/p>\n","protected":false},"author":4,"featured_media":46468,"comment_status":"open","ping_status":"closed","sticky":false,"template":"","format":"standard","meta":{"footnotes":""},"categories":[53],"tags":[],"class_list":{"0":"post-46467","1":"post","2":"type-post","3":"status-publish","4":"format-standard","5":"has-post-thumbnail","7":"category-salud"},"_links":{"self":[{"href":"https:\/\/jms.com.bo\/mediamonitor\/wp-json\/wp\/v2\/posts\/46467","targetHints":{"allow":["GET"]}}],"collection":[{"href":"https:\/\/jms.com.bo\/mediamonitor\/wp-json\/wp\/v2\/posts"}],"about":[{"href":"https:\/\/jms.com.bo\/mediamonitor\/wp-json\/wp\/v2\/types\/post"}],"author":[{"embeddable":true,"href":"https:\/\/jms.com.bo\/mediamonitor\/wp-json\/wp\/v2\/users\/4"}],"replies":[{"embeddable":true,"href":"https:\/\/jms.com.bo\/mediamonitor\/wp-json\/wp\/v2\/comments?post=46467"}],"version-history":[{"count":0,"href":"https:\/\/jms.com.bo\/mediamonitor\/wp-json\/wp\/v2\/posts\/46467\/revisions"}],"wp:featuredmedia":[{"embeddable":true,"href":"https:\/\/jms.com.bo\/mediamonitor\/wp-json\/wp\/v2\/media\/46468"}],"wp:attachment":[{"href":"https:\/\/jms.com.bo\/mediamonitor\/wp-json\/wp\/v2\/media?parent=46467"}],"wp:term":[{"taxonomy":"category","embeddable":true,"href":"https:\/\/jms.com.bo\/mediamonitor\/wp-json\/wp\/v2\/categories?post=46467"},{"taxonomy":"post_tag","embeddable":true,"href":"https:\/\/jms.com.bo\/mediamonitor\/wp-json\/wp\/v2\/tags?post=46467"}],"curies":[{"name":"wp","href":"https:\/\/api.w.org\/{rel}","templated":true}]}}