{"id":46477,"date":"2023-03-23T05:54:34","date_gmt":"2023-03-23T09:54:34","guid":{"rendered":"https:\/\/jms.com.bo\/mediamonitor\/2023\/03\/23\/agropecruz-abre-sus-puertas-al-sector-lechero\/"},"modified":"2023-03-23T05:54:34","modified_gmt":"2023-03-23T09:54:34","slug":"agropecruz-abre-sus-puertas-al-sector-lechero","status":"publish","type":"post","link":"https:\/\/jms.com.bo\/mediamonitor\/2023\/03\/23\/agropecruz-abre-sus-puertas-al-sector-lechero\/","title":{"rendered":"Agropecruz abre sus puertas al sector lechero"},"content":{"rendered":"<p style=\"text-align: justify;\">La Agropecruz, uno de los principales encuentros del sector pecuario a nivel nacional, incluir\u00e1 este a\u00f1o la Expoforest, la Expopet y por primera vez la Expoleche, destac\u00f3 el presidente de la C\u00e1mara Agropecuaria del Oriente (CAO), Jos\u00e9 Luis Farah.<\/p>\n<p style=\"text-align: justify;\">La Expoleche permitir\u00e1 conocer a todos los eslabones de esa cadena productiva y los avances de la ganader\u00eda lechera boliviana, indic\u00f3 Farah, durante la presentaci\u00f3n de las cuatro ferias.<\/p>\n<p style=\"text-align: justify;\">En el marco de la feria del sector lechero tambi\u00e9n se promover\u00e1 el intercambio de conocimientos y tecnolog\u00eda, y la consolidaci\u00f3n de negocios.<\/p>\n<p style=\"text-align: justify;\">Por primera vez, igualmente, se llevar\u00e1 a cabo un encuentro nacional lechero en el que participar\u00e1 la Federaci\u00f3n Panamericana de Lecher\u00eda (Fepal), que presentar\u00e1 un informe de la actividad en el mundo.<\/p>\n<p style=\"text-align: justify;\">Las Agropecruz, Expoforest, Expopet y Expoleche se realizar\u00e1n del 19 al 23 de abril en predios de la Feria Exposici\u00f3n de Santa Cruz (Fexpocruz).<\/p>\n<p style=\"text-align: justify;\">En la Agropecruz se realizar\u00e1n siete remates; seis juzgamientos con jueces internacionales y nacionales; capacitaciones; y concursos de orde\u00f1a. Tambi\u00e9n se exhibir\u00e1n m\u00e1s de 500 ejemplares de bovinos, ovinos, bubalinos y equinos y se llevar\u00e1 a cabo la vig\u00e9simo tercera versi\u00f3n del Simposio Latinoamericano \u201cProductividad en Ganado de corte\u201d.<\/p>\n","protected":false},"excerpt":{"rendered":"<p>La Agropecruz, uno de los principales encuentros del sector pecuario a nivel nacional, incluir\u00e1 este a\u00f1o la Expoforest, la Expopet y por primera vez la Expoleche, destac\u00f3 el presidente de la C\u00e1mara Agropecuaria del Oriente (CAO), Jos\u00e9 Luis Farah. La Expoleche permitir\u00e1 conocer a todos los eslabones de esa cadena productiva y los avances de [&hellip;]<\/p>\n","protected":false},"author":4,"featured_media":46478,"comment_status":"open","ping_status":"closed","sticky":false,"template":"","format":"standard","meta":{"footnotes":""},"categories":[52],"tags":[],"class_list":{"0":"post-46477","1":"post","2":"type-post","3":"status-publish","4":"format-standard","5":"has-post-thumbnail","7":"category-alimentos-agroindustria"},"_links":{"self":[{"href":"https:\/\/jms.com.bo\/mediamonitor\/wp-json\/wp\/v2\/posts\/46477","targetHints":{"allow":["GET"]}}],"collection":[{"href":"https:\/\/jms.com.bo\/mediamonitor\/wp-json\/wp\/v2\/posts"}],"about":[{"href":"https:\/\/jms.com.bo\/mediamonitor\/wp-json\/wp\/v2\/types\/post"}],"author":[{"embeddable":true,"href":"https:\/\/jms.com.bo\/mediamonitor\/wp-json\/wp\/v2\/users\/4"}],"replies":[{"embeddable":true,"href":"https:\/\/jms.com.bo\/mediamonitor\/wp-json\/wp\/v2\/comments?post=46477"}],"version-history":[{"count":0,"href":"https:\/\/jms.com.bo\/mediamonitor\/wp-json\/wp\/v2\/posts\/46477\/revisions"}],"wp:featuredmedia":[{"embeddable":true,"href":"https:\/\/jms.com.bo\/mediamonitor\/wp-json\/wp\/v2\/media\/46478"}],"wp:attachment":[{"href":"https:\/\/jms.com.bo\/mediamonitor\/wp-json\/wp\/v2\/media?parent=46477"}],"wp:term":[{"taxonomy":"category","embeddable":true,"href":"https:\/\/jms.com.bo\/mediamonitor\/wp-json\/wp\/v2\/categories?post=46477"},{"taxonomy":"post_tag","embeddable":true,"href":"https:\/\/jms.com.bo\/mediamonitor\/wp-json\/wp\/v2\/tags?post=46477"}],"curies":[{"name":"wp","href":"https:\/\/api.w.org\/{rel}","templated":true}]}}