{"id":46481,"date":"2023-03-23T06:01:10","date_gmt":"2023-03-23T10:01:10","guid":{"rendered":"https:\/\/jms.com.bo\/mediamonitor\/2023\/03\/23\/dialogo-en-suspenso-educacion-prepara-propuesta-escrita-para-los-maestros\/"},"modified":"2023-03-23T06:01:10","modified_gmt":"2023-03-23T10:01:10","slug":"dialogo-en-suspenso-educacion-prepara-propuesta-escrita-para-los-maestros","status":"publish","type":"post","link":"https:\/\/jms.com.bo\/mediamonitor\/2023\/03\/23\/dialogo-en-suspenso-educacion-prepara-propuesta-escrita-para-los-maestros\/","title":{"rendered":"Di\u00e1logo en suspenso, Educaci\u00f3n prepara propuesta escrita para los maestros"},"content":{"rendered":"<p style=\"text-align: justify;\">El encuentro se instal\u00f3, pero qued\u00f3 en pausa. El magisterio urbano y el Ministerio de Educaci\u00f3n se reunieron la tarde de este mi\u00e9rcoles, en un nuevo intento por resolver las cinco demandas del sector. El di\u00e1logo no dur\u00f3 mucho, tras menos de dos horas de debate, se determin\u00f3 un cuarto intermedio, hasta que el Gobierno mande una propuesta escrita al pliego petitorio.<\/p>\n<p style=\"text-align: justify;\">\u201cNos hemos sentado al di\u00e1logo en donde hemos dejado dos propuestas, uno que sigamos debatiendo punto por punto o nosotros hagamos llegar una propuesta para que la analicen y nos hagan conocer la contrapropuesta. Han aceptado el segundo punto, con el que nosotros vamos a hacer llegar en el transcurso de horas la propuesta de soluci\u00f3n del conflicto\u201d, indic\u00f3 el ministro de Educaci\u00f3n, \u00c9dgar Pary.<\/p>\n<p style=\"text-align: justify;\">Cinco demandas est\u00e1n sobre la mesa: m\u00e1s \u00edtems, mayor presupuesto, compensaci\u00f3n de carga horaria, realizaci\u00f3n de un congreso nacional y el rechazo a la malla curricular. Con esos pedidos, maestros urbanos mantienen por m\u00e1s de una semana sus medidas de presi\u00f3n.<\/p>\n<p style=\"text-align: justify;\">M\u00e1s de tres intentos de di\u00e1logo se han instalado, hasta ahora, ninguno con resultados. Esta vez, la propuesta de Educaci\u00f3n tendr\u00e1 que ser por escrito y es la esperanza para que el sector deje las movilizaciones y descarte el paro y bloqueo que tiene planificado para este viernes.<\/p>\n<p style=\"text-align: justify;\">\u201cSobre esa base, ellos org\u00e1nicamente se re\u00fanen para que lo puedan analizar y nos hagan llegar una contrapropuesta, hacer los ajustes correspondientes y con eso llegar a conclusiones. Ellos seguramente van a analizar el documento (de propuesta) ma\u00f1ana (jueves) e inmediatamente ya nos vamos a poner de acuerdo para poder sentarnos, seguramente en el transcurso del d\u00eda\u201d, afirm\u00f3 Pary.<\/p>\n<p style=\"text-align: justify;\">PROPUESTA<\/p>\n<p style=\"text-align: justify;\">El sector planifica un ampliado para este jueves para analizar la respuesta t\u00e9cnica que vaya a enviar el ministerio. Por ahora, siguen en pie las amenazas de radicalizar las medidas de presi\u00f3n.<\/p>\n<p style=\"text-align: justify;\">\u201cLas medidas de presi\u00f3n contin\u00faan. Ma\u00f1ana (jueves) no tenemos ninguna actividad (movilizaci\u00f3n), es un d\u00eda muy simb\u00f3lico e hist\u00f3rico para nuestro pa\u00eds como es el 23 de marzo, en la noche nos vamos a sumar con un desfile de teas aqu\u00ed en La Paz. Pero el viernes se ratifica el paro, mientras no tengamos una respuesta concreta\u201d, indic\u00f3 el representante del magisterio urbano, Patricio Molina.<\/p>\n<p style=\"text-align: justify;\">El dirigente dijo que el sector sali\u00f3 del encuentro con \u201csabor a nada\u201d. Educaci\u00f3n espera resolver el conflicto con una propuesta que prev\u00e9 est\u00e9 lista hasta las 21.00.<\/p>\n","protected":false},"excerpt":{"rendered":"<p>El encuentro se instal\u00f3, pero qued\u00f3 en pausa. El magisterio urbano y el Ministerio de Educaci\u00f3n se reunieron la tarde de este mi\u00e9rcoles, en un nuevo intento por resolver las cinco demandas del sector. El di\u00e1logo no dur\u00f3 mucho, tras menos de dos horas de debate, se determin\u00f3 un cuarto intermedio, hasta que el Gobierno [&hellip;]<\/p>\n","protected":false},"author":4,"featured_media":46482,"comment_status":"open","ping_status":"closed","sticky":false,"template":"","format":"standard","meta":{"footnotes":""},"categories":[49],"tags":[],"class_list":{"0":"post-46481","1":"post","2":"type-post","3":"status-publish","4":"format-standard","5":"has-post-thumbnail","7":"category-social"},"_links":{"self":[{"href":"https:\/\/jms.com.bo\/mediamonitor\/wp-json\/wp\/v2\/posts\/46481","targetHints":{"allow":["GET"]}}],"collection":[{"href":"https:\/\/jms.com.bo\/mediamonitor\/wp-json\/wp\/v2\/posts"}],"about":[{"href":"https:\/\/jms.com.bo\/mediamonitor\/wp-json\/wp\/v2\/types\/post"}],"author":[{"embeddable":true,"href":"https:\/\/jms.com.bo\/mediamonitor\/wp-json\/wp\/v2\/users\/4"}],"replies":[{"embeddable":true,"href":"https:\/\/jms.com.bo\/mediamonitor\/wp-json\/wp\/v2\/comments?post=46481"}],"version-history":[{"count":0,"href":"https:\/\/jms.com.bo\/mediamonitor\/wp-json\/wp\/v2\/posts\/46481\/revisions"}],"wp:featuredmedia":[{"embeddable":true,"href":"https:\/\/jms.com.bo\/mediamonitor\/wp-json\/wp\/v2\/media\/46482"}],"wp:attachment":[{"href":"https:\/\/jms.com.bo\/mediamonitor\/wp-json\/wp\/v2\/media?parent=46481"}],"wp:term":[{"taxonomy":"category","embeddable":true,"href":"https:\/\/jms.com.bo\/mediamonitor\/wp-json\/wp\/v2\/categories?post=46481"},{"taxonomy":"post_tag","embeddable":true,"href":"https:\/\/jms.com.bo\/mediamonitor\/wp-json\/wp\/v2\/tags?post=46481"}],"curies":[{"name":"wp","href":"https:\/\/api.w.org\/{rel}","templated":true}]}}