{"id":46487,"date":"2023-03-23T06:07:49","date_gmt":"2023-03-23T10:07:49","guid":{"rendered":"https:\/\/jms.com.bo\/mediamonitor\/2023\/03\/23\/con-desfiles-y-actos-en-cuatro-macrodistritos-la-paz-conmemorara-este-jueves-el-dia-del-mar\/"},"modified":"2023-03-23T06:07:49","modified_gmt":"2023-03-23T10:07:49","slug":"con-desfiles-y-actos-en-cuatro-macrodistritos-la-paz-conmemorara-este-jueves-el-dia-del-mar","status":"publish","type":"post","link":"https:\/\/jms.com.bo\/mediamonitor\/2023\/03\/23\/con-desfiles-y-actos-en-cuatro-macrodistritos-la-paz-conmemorara-este-jueves-el-dia-del-mar\/","title":{"rendered":"Con desfiles y actos en cuatro macrodistritos, La Paz conmemorar\u00e1 este jueves el D\u00eda del Mar"},"content":{"rendered":"<p style=\"text-align: justify;\">Estudiantes e instituciones se preparan para conmemorar este jueves 23 de marzo, D\u00eda del Mar. Se preparan desde desfiles hasta actos protocolares en cuatro macrodistritos del municipio de La Paz.<\/p>\n<p style=\"text-align: justify;\">La Alcald\u00eda inform\u00f3 que, correspondiente al macrodistrito Centro, se realizar\u00e1 un desfile a partir de las 09.00 en la avenida Busch, desde la plaza Villarroel hasta el monumento, con la participaci\u00f3n de 39 unidades educativas.<\/p>\n<p style=\"text-align: justify;\">En paralelo, en el macrodistrito Perif\u00e9rica, 43 colegios rendir\u00e1n homenaje a esta fecha. El acto se desarrollar\u00e1 entre la avenida Busch y la plaza Villarroel, desde las 08.00 hasta las 15.00. Los estudiantes se concentrar\u00e1n en la esquina de la calle Puerto Rico en el carril de subida; llegar\u00e1n hasta el palco, que estar\u00e1 en la citada plaza.<\/p>\n<p style=\"text-align: justify;\">Los estudiantes y organizaciones sociales se dar\u00e1n cita tambi\u00e9n en el macrodistrito Max Paredes. El desfile partir\u00e1 del Puente Top\u00e1ter, pasar\u00e1 por la avenida Abaroa, la calle Antonio Gallardo y el puente Abaroa, donde estar\u00e1 el palco. El acto terminar\u00e1 en la calle Chorolque.<\/p>\n<p style=\"text-align: justify;\">D\u00cdA DEL MAR<br \/>\nA la par se prev\u00e9n actos protocolares que se concentrar\u00e1n en la plaza Abaroa, de la zona de Sopocachi de La Paz, perteneciente al macrodistrito Cotahuma. La Alcald\u00eda de La Paz movilizar\u00e1 a sus guardias para desviar el tr\u00e1fico vehicular y facilitar el paso de todas las actividades programadas para este jueves.<\/p>\n<p style=\"text-align: justify;\">\u201cEl d\u00eda 23 de marzo vamos a desplegar a la Guardia Municipal de Transporte en coordinaci\u00f3n con la unidad de Tr\u00e1nsito para que el perjuicio sea el menos posible al tr\u00e1fico vehicular\u201d, explic\u00f3 el jefe de Ordenamiento y Control de la Movilidad, Vicente Machicao.<\/p>\n<p style=\"text-align: justify;\">En la plaza Abaroa se espera este jueves el desarrollo de los honores militares; la entrega de ofrendas florales de las instituciones nacionales, organismos internacionales y misiones diplom\u00e1ticas.<\/p>\n","protected":false},"excerpt":{"rendered":"<p>Estudiantes e instituciones se preparan para conmemorar este jueves 23 de marzo, D\u00eda del Mar. Se preparan desde desfiles hasta actos protocolares en cuatro macrodistritos del municipio de La Paz. La Alcald\u00eda inform\u00f3 que, correspondiente al macrodistrito Centro, se realizar\u00e1 un desfile a partir de las 09.00 en la avenida Busch, desde la plaza Villarroel [&hellip;]<\/p>\n","protected":false},"author":4,"featured_media":46488,"comment_status":"open","ping_status":"closed","sticky":false,"template":"","format":"standard","meta":{"footnotes":""},"categories":[20],"tags":[],"class_list":{"0":"post-46487","1":"post","2":"type-post","3":"status-publish","4":"format-standard","5":"has-post-thumbnail","7":"category-actualidad"},"_links":{"self":[{"href":"https:\/\/jms.com.bo\/mediamonitor\/wp-json\/wp\/v2\/posts\/46487","targetHints":{"allow":["GET"]}}],"collection":[{"href":"https:\/\/jms.com.bo\/mediamonitor\/wp-json\/wp\/v2\/posts"}],"about":[{"href":"https:\/\/jms.com.bo\/mediamonitor\/wp-json\/wp\/v2\/types\/post"}],"author":[{"embeddable":true,"href":"https:\/\/jms.com.bo\/mediamonitor\/wp-json\/wp\/v2\/users\/4"}],"replies":[{"embeddable":true,"href":"https:\/\/jms.com.bo\/mediamonitor\/wp-json\/wp\/v2\/comments?post=46487"}],"version-history":[{"count":0,"href":"https:\/\/jms.com.bo\/mediamonitor\/wp-json\/wp\/v2\/posts\/46487\/revisions"}],"wp:featuredmedia":[{"embeddable":true,"href":"https:\/\/jms.com.bo\/mediamonitor\/wp-json\/wp\/v2\/media\/46488"}],"wp:attachment":[{"href":"https:\/\/jms.com.bo\/mediamonitor\/wp-json\/wp\/v2\/media?parent=46487"}],"wp:term":[{"taxonomy":"category","embeddable":true,"href":"https:\/\/jms.com.bo\/mediamonitor\/wp-json\/wp\/v2\/categories?post=46487"},{"taxonomy":"post_tag","embeddable":true,"href":"https:\/\/jms.com.bo\/mediamonitor\/wp-json\/wp\/v2\/tags?post=46487"}],"curies":[{"name":"wp","href":"https:\/\/api.w.org\/{rel}","templated":true}]}}