{"id":46491,"date":"2023-03-23T06:11:57","date_gmt":"2023-03-23T10:11:57","guid":{"rendered":"https:\/\/jms.com.bo\/mediamonitor\/2023\/03\/23\/presidente-arce-hablara-del-litio-y-la-reivindicacion-maritima-el-23-de-marzo-segun-novillo\/"},"modified":"2023-03-23T06:11:57","modified_gmt":"2023-03-23T10:11:57","slug":"presidente-arce-hablara-del-litio-y-la-reivindicacion-maritima-el-23-de-marzo-segun-novillo","status":"publish","type":"post","link":"https:\/\/jms.com.bo\/mediamonitor\/2023\/03\/23\/presidente-arce-hablara-del-litio-y-la-reivindicacion-maritima-el-23-de-marzo-segun-novillo\/","title":{"rendered":"Presidente Arce hablar\u00e1 del litio y la reivindicaci\u00f3n mar\u00edtima el 23 de marzo, seg\u00fan Novillo"},"content":{"rendered":"<p style=\"text-align: justify;\">El ministro de Defensa, Edmundo Novillo, inform\u00f3 este mi\u00e9rcoles que el presidente Luis Arce abordar\u00e1 el tema del litio y de la reivindicaci\u00f3n mar\u00edtima en su mensaje por el D\u00eda del Mar, este 23 de marzo.<\/p>\n<p style=\"text-align: justify;\">\u201cLa reivindicaci\u00f3n mar\u00edtima para nosotros es un derecho constitucional imprescriptible, inalienable y en ese sentido siempre vamos a nosotros plantear la reivindicaci\u00f3n de nuestra salida hacia el oc\u00e9ano Pac\u00edfico con soberan\u00eda\u201d, sostuvo la autoridad a los medios de comunicaci\u00f3n.<\/p>\n<p style=\"text-align: justify;\">Novillo detall\u00f3 que la primera autoridad del Estado se referir\u00e1 tambi\u00e9n a las \u201cpol\u00edticas que pueden llevarnos a entendimientos comunes\u201d en el tema del litio, con Chile.<\/p>\n<p style=\"text-align: justify;\">Seg\u00fan el ministro de Defensa, el mandatario, de igual manera, mencionar\u00e1 temas sobre las relaciones internacionales, migraci\u00f3n, los recursos naturales y comerciales.<\/p>\n<p style=\"text-align: justify;\">Los actos por el 23 de marzo iniciar\u00e1n a partir de las 6:30 en la plaza Abaroa con la ofrenda floral. Y se prev\u00e9 que el mandatario emita un mensaje presidencial a las 9:00.<\/p>\n","protected":false},"excerpt":{"rendered":"<p>El ministro de Defensa, Edmundo Novillo, inform\u00f3 este mi\u00e9rcoles que el presidente Luis Arce abordar\u00e1 el tema del litio y de la reivindicaci\u00f3n mar\u00edtima en su mensaje por el D\u00eda del Mar, este 23 de marzo. \u201cLa reivindicaci\u00f3n mar\u00edtima para nosotros es un derecho constitucional imprescriptible, inalienable y en ese sentido siempre vamos a nosotros [&hellip;]<\/p>\n","protected":false},"author":4,"featured_media":46492,"comment_status":"open","ping_status":"closed","sticky":false,"template":"","format":"standard","meta":{"footnotes":""},"categories":[18],"tags":[],"class_list":{"0":"post-46491","1":"post","2":"type-post","3":"status-publish","4":"format-standard","5":"has-post-thumbnail","7":"category-politica"},"_links":{"self":[{"href":"https:\/\/jms.com.bo\/mediamonitor\/wp-json\/wp\/v2\/posts\/46491","targetHints":{"allow":["GET"]}}],"collection":[{"href":"https:\/\/jms.com.bo\/mediamonitor\/wp-json\/wp\/v2\/posts"}],"about":[{"href":"https:\/\/jms.com.bo\/mediamonitor\/wp-json\/wp\/v2\/types\/post"}],"author":[{"embeddable":true,"href":"https:\/\/jms.com.bo\/mediamonitor\/wp-json\/wp\/v2\/users\/4"}],"replies":[{"embeddable":true,"href":"https:\/\/jms.com.bo\/mediamonitor\/wp-json\/wp\/v2\/comments?post=46491"}],"version-history":[{"count":0,"href":"https:\/\/jms.com.bo\/mediamonitor\/wp-json\/wp\/v2\/posts\/46491\/revisions"}],"wp:featuredmedia":[{"embeddable":true,"href":"https:\/\/jms.com.bo\/mediamonitor\/wp-json\/wp\/v2\/media\/46492"}],"wp:attachment":[{"href":"https:\/\/jms.com.bo\/mediamonitor\/wp-json\/wp\/v2\/media?parent=46491"}],"wp:term":[{"taxonomy":"category","embeddable":true,"href":"https:\/\/jms.com.bo\/mediamonitor\/wp-json\/wp\/v2\/categories?post=46491"},{"taxonomy":"post_tag","embeddable":true,"href":"https:\/\/jms.com.bo\/mediamonitor\/wp-json\/wp\/v2\/tags?post=46491"}],"curies":[{"name":"wp","href":"https:\/\/api.w.org\/{rel}","templated":true}]}}