{"id":46493,"date":"2023-03-23T06:13:10","date_gmt":"2023-03-23T10:13:10","guid":{"rendered":"https:\/\/jms.com.bo\/mediamonitor\/2023\/03\/23\/fiscalia-citara-a-jhonny-fernandez-por-el-caso-qr\/"},"modified":"2023-03-23T06:13:10","modified_gmt":"2023-03-23T10:13:10","slug":"fiscalia-citara-a-jhonny-fernandez-por-el-caso-qr","status":"publish","type":"post","link":"https:\/\/jms.com.bo\/mediamonitor\/2023\/03\/23\/fiscalia-citara-a-jhonny-fernandez-por-el-caso-qr\/","title":{"rendered":"Fiscal\u00eda citar\u00e1 a Jhonny Fern\u00e1ndez por el caso QR"},"content":{"rendered":"<p>El Ministerio P\u00fablico citar\u00e1 al alcalde de Santa Cruz de la Sierra, Jhonny Fern\u00e1ndez, a declarar por el caso de cobros irregulares a trav\u00e9s de QR en el Jard\u00edn Bot\u00e1nico.<\/p>\n<p>\u201cSe tiene previsto\u201d, declar\u00f3 la fiscal Mirtha Mej\u00eda cuando se le consult\u00f3 si el alcalde cruce\u00f1o iba a ser citado a declarar por este caso. \u201cEstamos en la etapa preparatoria. En esta fase se deben hacer muchas diligencias tanto de peritajes, recepci\u00f3n de testigos y otros\u201d, dijo la representante del Ministerio P\u00fablico.<\/p>\n<p>El caso sali\u00f3 a la luz en 2022, cuando el concejal de Comunidad Auton\u00f3mica (C-A) Juan Carlos Medrano comparti\u00f3 un audio en el que se escucha a una voz atribuida a la exdirectora del Jard\u00edn Bot\u00e1nico de Santa Cruz Andrea Forfori exigir a dos j\u00f3venes que ingresaron a trabajar a la Alcald\u00eda que transfieran un monto de su salario mediante c\u00f3digo QR.<\/p>\n<p>Un juez dict\u00f3 detenci\u00f3n domiciliaria y una fianza de 100 mil bolivianos para la exdirectora Forfori. Ahora, la exfuncionaria municipal se encuentra con detenci\u00f3n preventiva en el penal de Palmasola por el caso denominado QR.<\/p>\n<p>El martes de esta semana, el juez primero de Anticorrupci\u00f3n, Roberto Parada, dispuso la detenci\u00f3n domiciliaria de 24 horas, previo pago de una fianza de 100 mil bolivianos. Orden\u00f3 tambi\u00e9n el arraigo, la prohibici\u00f3n de comunicarse con los testigos o co-denunciados y, adem\u00e1s, est\u00e1 en la obligaci\u00f3n de presentarse los lunes y viernes a firmar el libro de registro de la Fiscal\u00eda cruce\u00f1a.<\/p>\n<p>\u201cEl Ministerio P\u00fablico no est\u00e1 de acuerdo con la resoluci\u00f3n del juez e hizo la apelaci\u00f3n. Ten\u00edamos el plazo de 60 d\u00edas que no se hab\u00eda cumplido\u201d, dijo.<\/p>\n","protected":false},"excerpt":{"rendered":"<p>El Ministerio P\u00fablico citar\u00e1 al alcalde de Santa Cruz de la Sierra, Jhonny Fern\u00e1ndez, a declarar por el caso de cobros irregulares a trav\u00e9s de QR en el Jard\u00edn Bot\u00e1nico. \u201cSe tiene previsto\u201d, declar\u00f3 la fiscal Mirtha Mej\u00eda cuando se le consult\u00f3 si el alcalde cruce\u00f1o iba a ser citado a declarar por este caso. [&hellip;]<\/p>\n","protected":false},"author":4,"featured_media":46494,"comment_status":"open","ping_status":"closed","sticky":false,"template":"","format":"standard","meta":{"footnotes":""},"categories":[18],"tags":[],"class_list":{"0":"post-46493","1":"post","2":"type-post","3":"status-publish","4":"format-standard","5":"has-post-thumbnail","7":"category-politica"},"_links":{"self":[{"href":"https:\/\/jms.com.bo\/mediamonitor\/wp-json\/wp\/v2\/posts\/46493","targetHints":{"allow":["GET"]}}],"collection":[{"href":"https:\/\/jms.com.bo\/mediamonitor\/wp-json\/wp\/v2\/posts"}],"about":[{"href":"https:\/\/jms.com.bo\/mediamonitor\/wp-json\/wp\/v2\/types\/post"}],"author":[{"embeddable":true,"href":"https:\/\/jms.com.bo\/mediamonitor\/wp-json\/wp\/v2\/users\/4"}],"replies":[{"embeddable":true,"href":"https:\/\/jms.com.bo\/mediamonitor\/wp-json\/wp\/v2\/comments?post=46493"}],"version-history":[{"count":0,"href":"https:\/\/jms.com.bo\/mediamonitor\/wp-json\/wp\/v2\/posts\/46493\/revisions"}],"wp:featuredmedia":[{"embeddable":true,"href":"https:\/\/jms.com.bo\/mediamonitor\/wp-json\/wp\/v2\/media\/46494"}],"wp:attachment":[{"href":"https:\/\/jms.com.bo\/mediamonitor\/wp-json\/wp\/v2\/media?parent=46493"}],"wp:term":[{"taxonomy":"category","embeddable":true,"href":"https:\/\/jms.com.bo\/mediamonitor\/wp-json\/wp\/v2\/categories?post=46493"},{"taxonomy":"post_tag","embeddable":true,"href":"https:\/\/jms.com.bo\/mediamonitor\/wp-json\/wp\/v2\/tags?post=46493"}],"curies":[{"name":"wp","href":"https:\/\/api.w.org\/{rel}","templated":true}]}}