{"id":46495,"date":"2023-03-23T06:16:52","date_gmt":"2023-03-23T10:16:52","guid":{"rendered":"https:\/\/jms.com.bo\/mediamonitor\/2023\/03\/23\/comision-aprueba-reglamento-para-seleccionar-candidatos-para-las-judiciales\/"},"modified":"2023-03-23T06:16:52","modified_gmt":"2023-03-23T10:16:52","slug":"comision-aprueba-reglamento-para-seleccionar-candidatos-para-las-judiciales","status":"publish","type":"post","link":"https:\/\/jms.com.bo\/mediamonitor\/2023\/03\/23\/comision-aprueba-reglamento-para-seleccionar-candidatos-para-las-judiciales\/","title":{"rendered":"Comisi\u00f3n aprueba reglamento para seleccionar candidatos para las judiciales"},"content":{"rendered":"<p style=\"text-align: justify;\">La Comisi\u00f3n Mixta de Constituci\u00f3n aprob\u00f3 este mi\u00e9rcoles el proyecto de reglamento para seleccionar a los candidatos para las elecciones judiciales.<\/p>\n<p style=\"text-align: justify;\">El documento fue remitido al plenario de la Asamblea Legislativa para su respetivo tratamiento y aprobaci\u00f3n.<\/p>\n<p style=\"text-align: justify;\">Entre los acuerdos que se plasmaron en el reglamento est\u00e1 la creaci\u00f3n de un equipo de \u201cacompa\u00f1amiento y asesoramiento t\u00e9cnico\u201d. Compuesto por representantes de al menos seis entidades externas al Legislativo.<\/p>\n<p style=\"text-align: justify;\">Se allan\u00f3 la aprobaci\u00f3n, luego de la socializaci\u00f3n del contenido del reglamento. Entre las bancadas y brigadas del MAS, Creemos y Comunidad Ciudadana (CC), seg\u00fan la ABI.<\/p>\n<p style=\"text-align: justify;\">No obstante, al final, los legisladores de las dos fuerzas opositoras se abstuvieron de votar. En las dos etapas de aprobaci\u00f3n, en grande y en detalle.<\/p>\n<p style=\"text-align: justify;\">La propuesta aprobada contiene 43 art\u00edculos y est\u00e1 distribuida en cinco cap\u00edtulos.<\/p>\n<p style=\"text-align: justify;\">Comisi\u00f3n<br \/>\nEl documento contempla la convocatoria p\u00fablica, la recepci\u00f3n de postulaciones, la verificaci\u00f3n de requisitos, la publicaci\u00f3n de habilitados, la evaluaci\u00f3n de experiencia profesional.<\/p>\n<p style=\"text-align: justify;\">Asimismo, considera la evaluaci\u00f3n de formaci\u00f3n acad\u00e9mica, evaluaci\u00f3n de conocimientos escrita, entrevistas, informe final y la selecci\u00f3n de candidatos.<\/p>\n<p style=\"text-align: justify;\">La propuesta fue presentada por el MAS y sufri\u00f3 varias modificaciones en la Comisi\u00f3n Mixta, como parte de los acuerdos entre las fuerzas pol\u00edticas.<\/p>\n<p style=\"text-align: justify;\">En el art\u00edculo 12, por ejemplo, se acord\u00f3 la creaci\u00f3n de un equipo de \u201cacompa\u00f1amiento y asesoramiento t\u00e9cnico\u201d de al menos seis entidades externas.<\/p>\n<p style=\"text-align: justify;\">Entre esas entidades est\u00e1n el Comit\u00e9 Ejecutivo de la Universidad Boliviana (CEUB), que participar\u00e1 con cuatro comisionados; el Colegio Nacional de Abogados con cuatro; el Colegio Nacional de Auditores o Contadores con dos.<\/p>\n<p style=\"text-align: justify;\">Candidatos<br \/>\nLa Asociaci\u00f3n Nacional de Periodistas con cuatro; el Tribunal Nacional de \u00c9tica de la Abogac\u00eda con dos. Y las organizaciones ind\u00edgenas originarias campesinas (COB, Csutcb, Conamaq, Cidob, Bartolinas y CSCIB) con dos delegados por cada entidad.<\/p>\n<p style=\"text-align: justify;\">El diputado del MAS Juan Jos\u00e9 J\u00e1uregui explic\u00f3 que en la modificaci\u00f3n se tom\u00f3 en cuenta la propuesta de CC.<\/p>\n<p style=\"text-align: justify;\">Sin embargo, el diputado Carlos Alarc\u00f3n (CC) cuestion\u00f3 que las resoluciones de ese equipo externo no ser\u00e1n vinculantes. Denunci\u00f3 que el MAS que impuso su \u201crodillo\u201d para aprobar un texto que no fue acordado.<\/p>\n<p style=\"text-align: justify;\">\u201cNo hay ning\u00fan consenso para este proceso de elecciones judiciales. Esta ser\u00e1 una elecci\u00f3n para el MAS, por el MAS y del MAS\u201d, lament\u00f3 Alarc\u00f3n.<\/p>\n<p style=\"text-align: justify;\">Elecciones judiciales<br \/>\nLuego de la sesi\u00f3n, la senadora Patricia Arce (MAS) explic\u00f3 que algunos legisladores hicieron propuestas. Que se sal\u00edan del marco constitucional, por lo que no fueron tomadas en cuenta.<\/p>\n<p style=\"text-align: justify;\">No obstante, asegur\u00f3 que insistir\u00e1 en generar los acuerdos necesarios para aprobar el reglamento. Y la convocatoria antes y durante la sesi\u00f3n de la Asamblea Legislativa, que ser\u00e1 convocada en los siguientes d\u00edas.<\/p>\n<p style=\"text-align: justify;\">Adem\u00e1s, anunci\u00f3 que para este proceso de preselecci\u00f3n ser\u00e1n invitados representante de la Comisi\u00f3n Interamericana de Derechos Humanos (CIDH) y de la Organizaci\u00f3n de las Naciones Unidas (ONU).<\/p>\n","protected":false},"excerpt":{"rendered":"<p>La Comisi\u00f3n Mixta de Constituci\u00f3n aprob\u00f3 este mi\u00e9rcoles el proyecto de reglamento para seleccionar a los candidatos para las elecciones judiciales. El documento fue remitido al plenario de la Asamblea Legislativa para su respetivo tratamiento y aprobaci\u00f3n. Entre los acuerdos que se plasmaron en el reglamento est\u00e1 la creaci\u00f3n de un equipo de \u201cacompa\u00f1amiento y [&hellip;]<\/p>\n","protected":false},"author":4,"featured_media":46496,"comment_status":"open","ping_status":"closed","sticky":false,"template":"","format":"standard","meta":{"footnotes":""},"categories":[18,48,43],"tags":[],"class_list":{"0":"post-46495","1":"post","2":"type-post","3":"status-publish","4":"format-standard","5":"has-post-thumbnail","7":"category-politica","8":"category-portada-general-sitio","9":"category-portada-oil-gas"},"_links":{"self":[{"href":"https:\/\/jms.com.bo\/mediamonitor\/wp-json\/wp\/v2\/posts\/46495","targetHints":{"allow":["GET"]}}],"collection":[{"href":"https:\/\/jms.com.bo\/mediamonitor\/wp-json\/wp\/v2\/posts"}],"about":[{"href":"https:\/\/jms.com.bo\/mediamonitor\/wp-json\/wp\/v2\/types\/post"}],"author":[{"embeddable":true,"href":"https:\/\/jms.com.bo\/mediamonitor\/wp-json\/wp\/v2\/users\/4"}],"replies":[{"embeddable":true,"href":"https:\/\/jms.com.bo\/mediamonitor\/wp-json\/wp\/v2\/comments?post=46495"}],"version-history":[{"count":0,"href":"https:\/\/jms.com.bo\/mediamonitor\/wp-json\/wp\/v2\/posts\/46495\/revisions"}],"wp:featuredmedia":[{"embeddable":true,"href":"https:\/\/jms.com.bo\/mediamonitor\/wp-json\/wp\/v2\/media\/46496"}],"wp:attachment":[{"href":"https:\/\/jms.com.bo\/mediamonitor\/wp-json\/wp\/v2\/media?parent=46495"}],"wp:term":[{"taxonomy":"category","embeddable":true,"href":"https:\/\/jms.com.bo\/mediamonitor\/wp-json\/wp\/v2\/categories?post=46495"},{"taxonomy":"post_tag","embeddable":true,"href":"https:\/\/jms.com.bo\/mediamonitor\/wp-json\/wp\/v2\/tags?post=46495"}],"curies":[{"name":"wp","href":"https:\/\/api.w.org\/{rel}","templated":true}]}}