{"id":46505,"date":"2023-03-23T06:34:45","date_gmt":"2023-03-23T10:34:45","guid":{"rendered":"https:\/\/jms.com.bo\/mediamonitor\/2023\/03\/23\/el-nudo-ahora-esta-por-romperse-en-la-expansion-de-la-energia-eolica-en-alemania\/"},"modified":"2023-03-23T06:34:45","modified_gmt":"2023-03-23T10:34:45","slug":"el-nudo-ahora-esta-por-romperse-en-la-expansion-de-la-energia-eolica-en-alemania","status":"publish","type":"post","link":"https:\/\/jms.com.bo\/mediamonitor\/2023\/03\/23\/el-nudo-ahora-esta-por-romperse-en-la-expansion-de-la-energia-eolica-en-alemania\/","title":{"rendered":"El nudo ahora est\u00e1 por romperse en la expansi\u00f3n de la energ\u00eda e\u00f3lica en Alemania"},"content":{"rendered":"<p style=\"text-align: justify;\">El pa\u00eds necesita m\u00e1s aerogeneradores, y las necesita m\u00e1s r\u00e1pido. Ese es el objetivo del gobierno federal. Ahora se debe romper el nudo para una expansi\u00f3n acelerada de la energ\u00eda e\u00f3lica terrestre. Porque la industria todav\u00eda ve frenos. Estos ahora deben ser resueltos. Esa es la se\u00f1al de la \u00abCumbre E\u00f3lica\u00bb celebrada el mi\u00e9rcoles en las oficinas del ministro de Econom\u00eda, Robert Habeck.<\/p>\n<p style=\"text-align: justify;\">El a\u00f1o pasado se adoptaron una gran cantidad de paquetes de medidas, por ejemplo en la ley de planificaci\u00f3n y aprobaci\u00f3n, dijo el pol\u00edtico verde en Berl\u00edn. Se hab\u00edan despejado grandes trozos en el camino hacia una expansi\u00f3n acelerada. Sin embargo, las \u00abpiedras m\u00e1s peque\u00f1as\u00bb todav\u00eda est\u00e1n en camino.<\/p>\n<p style=\"text-align: justify;\">Para que la expansi\u00f3n actual sea m\u00e1s del cu\u00e1druple, habr\u00eda que eliminar todos los obst\u00e1culos a la expansi\u00f3n de la energ\u00eda e\u00f3lica. A la \u00abcumbre e\u00f3lica\u00bb asistieron representantes de la industria energ\u00e9tica, asociaciones municipales l\u00edderes, estados federales, sindicatos y otros ministerios federales.<\/p>\n<p style=\"text-align: justify;\">Ahora se planea una \u00abestrategia de energ\u00eda e\u00f3lica en tierra\u00bb. El ministerio mencion\u00f3, por ejemplo, mejores efectos de incentivo, mejores condiciones de financiamiento para contratos directos entre productores de energ\u00eda y consumidores de electricidad, y la cuesti\u00f3n de c\u00f3mo se puede poner tierra disponible para la energ\u00eda e\u00f3lica para abastecer a la industria. Adem\u00e1s, se trata de un transporte r\u00e1pido de las turbinas e\u00f3licas y de la seguridad del terreno.<\/p>\n<p style=\"text-align: justify;\">Las consultas sobre la estrategia est\u00e1n previstas hasta finales de marzo, cuando se elaborar\u00e1 y presentar\u00e1 en una segunda cumbre de energ\u00eda e\u00f3lica, probablemente en abril.<\/p>\n<p style=\"text-align: justify;\">La expansi\u00f3n de las energ\u00edas renovables a partir de la energ\u00eda e\u00f3lica y solar juega un papel clave en la estrategia del gobierno alem\u00e1n para alcanzar los objetivos clim\u00e1ticos y volverse menos dependiente de los combustibles f\u00f3siles como el carb\u00f3n y el gas. Seg\u00fan los planes del gobierno alem\u00e1n, el 80 por ciento de la electricidad del pa\u00eds provendr\u00e1 de fuentes renovables en 2030, en comparaci\u00f3n con alrededor de la mitad en la actualidad. Se espera que la demanda de electricidad aumente enormemente debido a millones de coches el\u00e9ctricos y bombas de calor. Recientemente, hubo una \u00abcumbre solar\u00bb con Habeck, y tambi\u00e9n se acelerar\u00e1 la construcci\u00f3n de plantas solares.<\/p>\n<p style=\"text-align: justify;\">La industria e\u00f3lica no est\u00e1 satisfecha con el comienzo de 2023. El objetivo de una adici\u00f3n de 4,5 gigavatios no se pudo lograr este a\u00f1o, declar\u00f3 la Asociaci\u00f3n Alemana de Energ\u00eda E\u00f3lica en enero. Se aprueban muy pocos proyectos. Los procedimientos de aprobaci\u00f3n siguen siendo demasiado largos. Adem\u00e1s, hay problemas con el transporte de aerogeneradores, por ejemplo.<\/p>\n<p style=\"text-align: justify;\">El canciller Olaf Scholz (SPD) hab\u00eda dicho que se tendr\u00edan que instalar de cuatro a cinco nuevas turbinas e\u00f3licas por d\u00eda para 2030, pero eso probablemente no ser\u00eda suficiente. \u00abNecesitamos m\u00e1s de siete a ocho nuevas turbinas e\u00f3licas para lograr los objetivos clim\u00e1ticos\u00bb, dijo Wolfram Axthelm, director gerente de la Asociaci\u00f3n Alemana de Energ\u00eda E\u00f3lica. La cifra de cuatro a cinco nuevos aerogeneradores por d\u00eda ya se hab\u00eda alcanzado en el a\u00f1o r\u00e9cord de expansi\u00f3n de 2017, dijo. Despu\u00e9s de eso, sin embargo, las cosas fueron cuesta abajo. El a\u00f1o pasado aument\u00f3 el n\u00famero de nuevos aerogeneradores conectados a la red. Se instalaron 551 aerogeneradores con una capacidad de 2,4 gigavatios. Sin embargo, la cantidad de nuevas instalaciones y permisos otorgados hasta el momento no ha sido suficiente para cumplir con las metas del gobierno federal.<\/p>\n<p style=\"text-align: justify;\">Es por eso que ahora se debe establecer m\u00e1s velocidad. Habeck dijo que se deber\u00eda lograr un aumento anual de diez gigavatios a mediados de la d\u00e9cada.<\/p>\n<p style=\"text-align: justify;\">Sin embargo, esto no significa cuadruplicar el n\u00famero de nuevas turbinas, porque las nuevas turbinas e\u00f3licas son mucho m\u00e1s potentes que las existentes. Sobre todo, los estados y las autoridades subordinadas ahora est\u00e1n llamados a la implementaci\u00f3n, dijo Axthelm. Los estados no pueden eludir su responsabilidad, dijo. Con cada mes que no aumenta el n\u00famero de permisos, aumenta la presi\u00f3n, dijo.<\/p>\n<p style=\"text-align: justify;\">La asociaci\u00f3n se ha quejado durante mucho tiempo de la divisi\u00f3n norte-sur en la expansi\u00f3n de la energ\u00eda e\u00f3lica. El a\u00f1o pasado, Schleswig-Holstein, Baja Sajonia, Brandeburgo y Renania del Norte-Westfalia juntos representaron el 77 por ciento de las nuevas construcciones, seg\u00fan cifras de la industria. Ahora se han acordado objetivos de \u00e1rea vinculantes para los estados.<\/p>\n","protected":false},"excerpt":{"rendered":"<p>El pa\u00eds necesita m\u00e1s aerogeneradores, y las necesita m\u00e1s r\u00e1pido. Ese es el objetivo del gobierno federal. Ahora se debe romper el nudo para una expansi\u00f3n acelerada de la energ\u00eda e\u00f3lica terrestre. Porque la industria todav\u00eda ve frenos. Estos ahora deben ser resueltos. Esa es la se\u00f1al de la \u00abCumbre E\u00f3lica\u00bb celebrada el mi\u00e9rcoles en [&hellip;]<\/p>\n","protected":false},"author":4,"featured_media":46506,"comment_status":"open","ping_status":"closed","sticky":false,"template":"","format":"standard","meta":{"footnotes":""},"categories":[39],"tags":[],"class_list":{"0":"post-46505","1":"post","2":"type-post","3":"status-publish","4":"format-standard","5":"has-post-thumbnail","7":"category-energia"},"_links":{"self":[{"href":"https:\/\/jms.com.bo\/mediamonitor\/wp-json\/wp\/v2\/posts\/46505","targetHints":{"allow":["GET"]}}],"collection":[{"href":"https:\/\/jms.com.bo\/mediamonitor\/wp-json\/wp\/v2\/posts"}],"about":[{"href":"https:\/\/jms.com.bo\/mediamonitor\/wp-json\/wp\/v2\/types\/post"}],"author":[{"embeddable":true,"href":"https:\/\/jms.com.bo\/mediamonitor\/wp-json\/wp\/v2\/users\/4"}],"replies":[{"embeddable":true,"href":"https:\/\/jms.com.bo\/mediamonitor\/wp-json\/wp\/v2\/comments?post=46505"}],"version-history":[{"count":0,"href":"https:\/\/jms.com.bo\/mediamonitor\/wp-json\/wp\/v2\/posts\/46505\/revisions"}],"wp:featuredmedia":[{"embeddable":true,"href":"https:\/\/jms.com.bo\/mediamonitor\/wp-json\/wp\/v2\/media\/46506"}],"wp:attachment":[{"href":"https:\/\/jms.com.bo\/mediamonitor\/wp-json\/wp\/v2\/media?parent=46505"}],"wp:term":[{"taxonomy":"category","embeddable":true,"href":"https:\/\/jms.com.bo\/mediamonitor\/wp-json\/wp\/v2\/categories?post=46505"},{"taxonomy":"post_tag","embeddable":true,"href":"https:\/\/jms.com.bo\/mediamonitor\/wp-json\/wp\/v2\/tags?post=46505"}],"curies":[{"name":"wp","href":"https:\/\/api.w.org\/{rel}","templated":true}]}}