{"id":46569,"date":"2023-03-24T06:40:54","date_gmt":"2023-03-24T10:40:54","guid":{"rendered":"https:\/\/jms.com.bo\/mediamonitor\/2023\/03\/24\/medicos-denuncian-que-hay-consultorios-y-farmacias-de-hospitales-cerrados-por-falta-de-personal-49-items-se-perdieron\/"},"modified":"2023-03-24T06:40:54","modified_gmt":"2023-03-24T10:40:54","slug":"medicos-denuncian-que-hay-consultorios-y-farmacias-de-hospitales-cerrados-por-falta-de-personal-49-items-se-perdieron","status":"publish","type":"post","link":"https:\/\/jms.com.bo\/mediamonitor\/2023\/03\/24\/medicos-denuncian-que-hay-consultorios-y-farmacias-de-hospitales-cerrados-por-falta-de-personal-49-items-se-perdieron\/","title":{"rendered":"M\u00e9dicos denuncian que hay consultorios y farmacias de hospitales cerrados por falta de personal; 49 \u00edtems se perdieron"},"content":{"rendered":"<p style=\"text-align: justify;\">\u201cPor las noches no tenemos personal en farmacia, por eso cuando llegan los pacientes en ese horario lo \u00fanico que hacemos es darles la receta. A los pap\u00e1s no les queda otra m\u00e1s que irse a comprar\u201d, cont\u00f3 un m\u00e9dico de la Unidad de Emergencias del Hospital del Ni\u00f1o, que prefiri\u00f3 no dar su nombre para evitar represalias, pero explic\u00f3 que la farmacia est\u00e1 cerrada desde enero, porque la exfuncionaria que atend\u00eda se jubil\u00f3 y la Gobernaci\u00f3n no contrat\u00f3 a nadie para reemplazarla.<\/p>\n<p style=\"text-align: justify;\">As\u00ed como la Farmacia del Hospital del Ni\u00f1o, existen otros 39 \u00edtems que quedaron ac\u00e9falos en diferentes hospitales de segundo y tercer nivel por jubilaci\u00f3n o por retiro del personal, pero el Servicio Departamental de Salud (Sedes) no contrat\u00f3 y \u201cno aparecen\u201d esos \u00edtems, lo que ocasiona un gran perjuicio para la poblaci\u00f3n, denunci\u00f3 el secretario ejecutivo del Sindicato de Ramas M\u00e9dicas de Salud (Sirmes) La Paz, Fernando Romero. Desde el Sedes, anuncian que en los siguientes d\u00edas contratar\u00e1 a los profesionales.<\/p>\n<p style=\"text-align: justify;\">\u201cDe lo poco que ten\u00edamos, 40 \u00edtems desaparecieron\u201d, asegur\u00f3 Romero. En diferentes hospitales de primer, segundo y tercer nivel. Esos cargos fueron dejados por el personal que se fue por jubilaci\u00f3n, viaje al exterior por salud o porque hallaron otra fuente de trabajo, pero lastimosamente no se reponen.<\/p>\n<p style=\"text-align: justify;\">\u201cEsos \u00edtems por norma deber\u00edan ser repuestos inmediatamente a las dos semanas como m\u00e1ximo\u201d, explic\u00f3 el ejecutivo del Sirmes, sin embargo lament\u00f3 que en algunos casos ya pasaron m\u00e1s de ocho meses y a la fecha no se repone esos cargos. \u201cPor eso, se est\u00e1n cerrando servicios o est\u00e1 reduciendo la atenci\u00f3n en algunos casos\u201d, dijo.<\/p>\n<p style=\"text-align: justify;\">De acuerdo con el listado de \u00edtems no devueltos a los hospitales- al que accedi\u00f3 P\u00e1gina Siete- indica que: 19 \u00edtems no fueron devueltos al Hospital del Ni\u00f1o; cuatro al de Cl\u00ednicas; tres al de La Mujer; siete al de T\u00f3rax; cuatro al Gastroenterol\u00f3gico, todos nosocomios de tercer nivel, y tres \u00edtems al de La Paz que es de segundo nivel.<\/p>\n<p style=\"text-align: justify;\">En el caso del Hospital de Cl\u00ednicas, resalt\u00f3 que por ejemplo es muy necesario el \u00edtem de neurocirug\u00eda que dej\u00f3 el doctor Xavier Endara porque ya se jubil\u00f3 y hasta la fecha no se contrata a un profesional. Los pacientes esperan al especialista para agilizar las cirug\u00edas de esa especialidad.<\/p>\n<p style=\"text-align: justify;\">Tambi\u00e9n falta el de la bioqu\u00edmica Yolanda Salcedo que ten\u00eda el \u00edtem 682 y que se perdi\u00f3.<\/p>\n<p style=\"text-align: justify;\">En el caso del Hospital de la Mujer, falta el \u00edtem del ecografista del turno de la tarde, quien se retir\u00f3 hace ocho meses y a la fecha tampoco se repuso a otro profesional. \u201cEl profesional atend\u00eda de 14:00 a 17:00 y realizaba ecograf\u00eda mamaria, ginecol\u00f3gica y obst\u00e9trica de pacientes que consultaban por la tarde, pero principalmente para los del servicio de emergencia\u201d.<\/p>\n<p style=\"text-align: justify;\">$!La farmacia del Hospital del Ni\u00f1o est\u00e1 cerrada en el turno nocturno.<br \/>\nLa farmacia del Hospital del Ni\u00f1o est\u00e1 cerrada en el turno nocturno. Sirmes La Paz<br \/>\nPor ello, asegur\u00f3 que los pacientes que requieren estos ex\u00e1menes de emergencia deben buscar en otros nosocomios del mismo complejo o directamente pasar al sistema privado. \u201cMuchos no tienen recursos econ\u00f3micos\u201d y los que no necesitan deben esperar al turno de la ma\u00f1ana.<\/p>\n<p style=\"text-align: justify;\">En el caso del Hospital La Paz tampoco hay un cardi\u00f3logo. \u201cEs importante este profesional para que se realicen las cirug\u00edas o para una atenci\u00f3n de los pacientes que llegan principalmente de la zona Max Paredes, pero lastimosamente no cuentan con el profesional\u201d.<\/p>\n<p style=\"text-align: justify;\">Expres\u00f3 que \u201ccomo son \u00edtems necesarios, ya se deber\u00eda cubrir esos cargos\u201d y lastimosamente la gente que acude a atenci\u00f3n m\u00e9dica es la que sufre porque debe peregrinar en busca del servicio y llegar incluso al sistema privado.<\/p>\n<p style=\"text-align: justify;\">Romero indic\u00f3 que son m\u00e1s de siete cartas que enviaron al Sedes exigiendo la devoluci\u00f3n de los \u00edtems. \u201cLo que nos han indicado es que los cargos est\u00e1n en comisi\u00f3n, pero c\u00f3mo va a estar en comisi\u00f3n el de un m\u00e9dico que falleci\u00f3 que dej\u00f3 una guardia, una unidad sin personal\u201d, cuestion\u00f3 que la Gobernaci\u00f3n disponga el \u00edtem a su antojo, ya que \u201ces un crimen\u201d, teniendo en cuenta que hay pacientes que necesitan de esos profesionales. Incluso se \u201ctiene denuncias de que venta de \u00edtems, pero no hay pruebas\u201d.<\/p>\n<p style=\"text-align: justify;\">Debido a que a\u00fan no hay respuesta del Sedes, anunci\u00f3 que el pr\u00f3ximo lunes ir\u00e1n a la Tribunal Departamental de Justicia, para presentar una demanda de acci\u00f3n de cumplimiento contra el gobernador, Santos Quispe, para que se devuelva los \u00edtems.<\/p>\n<p style=\"text-align: justify;\">Por su parte, el director del Sedes, Prisley Riveros, indic\u00f3 que se est\u00e1 convocando a los doctores para trabajar en conjunto y \u201cde una vez hacer la reposici\u00f3n de \u00edtems\u201d. Tambi\u00e9n aclar\u00f3 que hay algunas especialidades que son escasas en el pa\u00eds, por lo que solicit\u00f3<\/p>\n<p style=\"text-align: justify;\">\n","protected":false},"excerpt":{"rendered":"<p>\u201cPor las noches no tenemos personal en farmacia, por eso cuando llegan los pacientes en ese horario lo \u00fanico que hacemos es darles la receta. A los pap\u00e1s no les queda otra m\u00e1s que irse a comprar\u201d, cont\u00f3 un m\u00e9dico de la Unidad de Emergencias del Hospital del Ni\u00f1o, que prefiri\u00f3 no dar su nombre [&hellip;]<\/p>\n","protected":false},"author":4,"featured_media":46570,"comment_status":"open","ping_status":"closed","sticky":false,"template":"","format":"standard","meta":{"footnotes":""},"categories":[53],"tags":[],"class_list":{"0":"post-46569","1":"post","2":"type-post","3":"status-publish","4":"format-standard","5":"has-post-thumbnail","7":"category-salud"},"_links":{"self":[{"href":"https:\/\/jms.com.bo\/mediamonitor\/wp-json\/wp\/v2\/posts\/46569","targetHints":{"allow":["GET"]}}],"collection":[{"href":"https:\/\/jms.com.bo\/mediamonitor\/wp-json\/wp\/v2\/posts"}],"about":[{"href":"https:\/\/jms.com.bo\/mediamonitor\/wp-json\/wp\/v2\/types\/post"}],"author":[{"embeddable":true,"href":"https:\/\/jms.com.bo\/mediamonitor\/wp-json\/wp\/v2\/users\/4"}],"replies":[{"embeddable":true,"href":"https:\/\/jms.com.bo\/mediamonitor\/wp-json\/wp\/v2\/comments?post=46569"}],"version-history":[{"count":0,"href":"https:\/\/jms.com.bo\/mediamonitor\/wp-json\/wp\/v2\/posts\/46569\/revisions"}],"wp:featuredmedia":[{"embeddable":true,"href":"https:\/\/jms.com.bo\/mediamonitor\/wp-json\/wp\/v2\/media\/46570"}],"wp:attachment":[{"href":"https:\/\/jms.com.bo\/mediamonitor\/wp-json\/wp\/v2\/media?parent=46569"}],"wp:term":[{"taxonomy":"category","embeddable":true,"href":"https:\/\/jms.com.bo\/mediamonitor\/wp-json\/wp\/v2\/categories?post=46569"},{"taxonomy":"post_tag","embeddable":true,"href":"https:\/\/jms.com.bo\/mediamonitor\/wp-json\/wp\/v2\/tags?post=46569"}],"curies":[{"name":"wp","href":"https:\/\/api.w.org\/{rel}","templated":true}]}}