{"id":46571,"date":"2023-03-24T06:42:07","date_gmt":"2023-03-24T10:42:07","guid":{"rendered":"https:\/\/jms.com.bo\/mediamonitor\/2023\/03\/24\/viii-congreso-mundial-de-la-quinua\/"},"modified":"2023-03-24T06:42:07","modified_gmt":"2023-03-24T10:42:07","slug":"viii-congreso-mundial-de-la-quinua","status":"publish","type":"post","link":"https:\/\/jms.com.bo\/mediamonitor\/2023\/03\/24\/viii-congreso-mundial-de-la-quinua\/","title":{"rendered":"VIII Congreso Mundial de la Quinua"},"content":{"rendered":"<p style=\"text-align: justify;\">Bolivia ser\u00e1 la sede del VIII Congreso Mundial de la Quinua, que se desarrollar\u00e1 en Potos\u00ed, en instalaciones de la Universidad Tom\u00e1s Fr\u00edas, del 28 al 31 de este mes. Expertos de al menos 11 pa\u00edses de diferentes continentes participar\u00e1n de la cita.<\/p>\n<p style=\"text-align: justify;\">\u201cSe contar\u00e1 con la presencia de reconocidos expositores de Reino Unido, Alemania, Estados Unidos, Bolivia, Dinamarca, Chile, Jap\u00f3n, Francia, China, Per\u00fa y Ecuador\u201d, indic\u00f3 el Ministerio de Desarrollo Rural y Tierras mediante un comunicado en sus redes sociales.<\/p>\n<p style=\"text-align: justify;\">El viceministro de Desarrollo Agropecuario, \u00c1lvaro Mollinedo, presidi\u00f3 la comisi\u00f3n de organizaci\u00f3n del evento que se reuni\u00f3 con el gobernador de Potos\u00ed, Jhonny Mamani, para ultimar detalles de la cita internacional.<\/p>\n<p style=\"text-align: justify;\">Se espera que en el evento se intercambien experiencias y emerjan ideas para aumentar y mejorar la producci\u00f3n del \u201cgrano de oro\u201d, principalmente, porque el mundo demanda mayores cantidades de granos.<\/p>\n","protected":false},"excerpt":{"rendered":"<p>Bolivia ser\u00e1 la sede del VIII Congreso Mundial de la Quinua, que se desarrollar\u00e1 en Potos\u00ed, en instalaciones de la Universidad Tom\u00e1s Fr\u00edas, del 28 al 31 de este mes. Expertos de al menos 11 pa\u00edses de diferentes continentes participar\u00e1n de la cita. \u201cSe contar\u00e1 con la presencia de reconocidos expositores de Reino Unido, Alemania, [&hellip;]<\/p>\n","protected":false},"author":4,"featured_media":46572,"comment_status":"open","ping_status":"closed","sticky":false,"template":"","format":"standard","meta":{"footnotes":""},"categories":[52],"tags":[],"class_list":{"0":"post-46571","1":"post","2":"type-post","3":"status-publish","4":"format-standard","5":"has-post-thumbnail","7":"category-alimentos-agroindustria"},"_links":{"self":[{"href":"https:\/\/jms.com.bo\/mediamonitor\/wp-json\/wp\/v2\/posts\/46571","targetHints":{"allow":["GET"]}}],"collection":[{"href":"https:\/\/jms.com.bo\/mediamonitor\/wp-json\/wp\/v2\/posts"}],"about":[{"href":"https:\/\/jms.com.bo\/mediamonitor\/wp-json\/wp\/v2\/types\/post"}],"author":[{"embeddable":true,"href":"https:\/\/jms.com.bo\/mediamonitor\/wp-json\/wp\/v2\/users\/4"}],"replies":[{"embeddable":true,"href":"https:\/\/jms.com.bo\/mediamonitor\/wp-json\/wp\/v2\/comments?post=46571"}],"version-history":[{"count":0,"href":"https:\/\/jms.com.bo\/mediamonitor\/wp-json\/wp\/v2\/posts\/46571\/revisions"}],"wp:featuredmedia":[{"embeddable":true,"href":"https:\/\/jms.com.bo\/mediamonitor\/wp-json\/wp\/v2\/media\/46572"}],"wp:attachment":[{"href":"https:\/\/jms.com.bo\/mediamonitor\/wp-json\/wp\/v2\/media?parent=46571"}],"wp:term":[{"taxonomy":"category","embeddable":true,"href":"https:\/\/jms.com.bo\/mediamonitor\/wp-json\/wp\/v2\/categories?post=46571"},{"taxonomy":"post_tag","embeddable":true,"href":"https:\/\/jms.com.bo\/mediamonitor\/wp-json\/wp\/v2\/tags?post=46571"}],"curies":[{"name":"wp","href":"https:\/\/api.w.org\/{rel}","templated":true}]}}