{"id":46577,"date":"2023-03-24T06:47:11","date_gmt":"2023-03-24T10:47:11","guid":{"rendered":"https:\/\/jms.com.bo\/mediamonitor\/2023\/03\/24\/protestan-contra-avasalladores-en-la-vina-en-sacaba-y-piden-demoliciones\/"},"modified":"2023-03-24T06:47:11","modified_gmt":"2023-03-24T10:47:11","slug":"protestan-contra-avasalladores-en-la-vina-en-sacaba-y-piden-demoliciones","status":"publish","type":"post","link":"https:\/\/jms.com.bo\/mediamonitor\/2023\/03\/24\/protestan-contra-avasalladores-en-la-vina-en-sacaba-y-piden-demoliciones\/","title":{"rendered":"Protestan contra avasalladores en La Vi\u00f1a, en Sacaba, y piden demoliciones"},"content":{"rendered":"<p style=\"text-align: justify;\">Los afectados por los avasallamientos en la zona de La Vi\u00f1a en Sacaba protestaron este jueves en la Alcald\u00eda de Sacaba para pedir la demolici\u00f3n de las casas de clanes identificados como avasalladores.<\/p>\n<p style=\"text-align: justify;\">La protesta se realiz\u00f3 con motivo de una audiencia en la Alcald\u00eda de Sacaba para abordar el pedido de las demoliciones, pero que se debi\u00f3 reprogramar.<\/p>\n<p style=\"text-align: justify;\">Los afectados no pudieron ni ingresar al edificio municipal, porque los guardias cerraron las puertas.<\/p>\n<p style=\"text-align: justify;\">Las familias que aseguran tener el derecho propietario y que han ganado varios procesos en la justicia piden demoler las casas. En este caso las v\u00edctimas de los avasalladores con principalmente personas de la tercera edad.<\/p>\n","protected":false},"excerpt":{"rendered":"<p>Los afectados por los avasallamientos en la zona de La Vi\u00f1a en Sacaba protestaron este jueves en la Alcald\u00eda de Sacaba para pedir la demolici\u00f3n de las casas de clanes identificados como avasalladores. La protesta se realiz\u00f3 con motivo de una audiencia en la Alcald\u00eda de Sacaba para abordar el pedido de las demoliciones, pero [&hellip;]<\/p>\n","protected":false},"author":4,"featured_media":46578,"comment_status":"open","ping_status":"closed","sticky":false,"template":"","format":"standard","meta":{"footnotes":""},"categories":[49],"tags":[],"class_list":{"0":"post-46577","1":"post","2":"type-post","3":"status-publish","4":"format-standard","5":"has-post-thumbnail","7":"category-social"},"_links":{"self":[{"href":"https:\/\/jms.com.bo\/mediamonitor\/wp-json\/wp\/v2\/posts\/46577","targetHints":{"allow":["GET"]}}],"collection":[{"href":"https:\/\/jms.com.bo\/mediamonitor\/wp-json\/wp\/v2\/posts"}],"about":[{"href":"https:\/\/jms.com.bo\/mediamonitor\/wp-json\/wp\/v2\/types\/post"}],"author":[{"embeddable":true,"href":"https:\/\/jms.com.bo\/mediamonitor\/wp-json\/wp\/v2\/users\/4"}],"replies":[{"embeddable":true,"href":"https:\/\/jms.com.bo\/mediamonitor\/wp-json\/wp\/v2\/comments?post=46577"}],"version-history":[{"count":0,"href":"https:\/\/jms.com.bo\/mediamonitor\/wp-json\/wp\/v2\/posts\/46577\/revisions"}],"wp:featuredmedia":[{"embeddable":true,"href":"https:\/\/jms.com.bo\/mediamonitor\/wp-json\/wp\/v2\/media\/46578"}],"wp:attachment":[{"href":"https:\/\/jms.com.bo\/mediamonitor\/wp-json\/wp\/v2\/media?parent=46577"}],"wp:term":[{"taxonomy":"category","embeddable":true,"href":"https:\/\/jms.com.bo\/mediamonitor\/wp-json\/wp\/v2\/categories?post=46577"},{"taxonomy":"post_tag","embeddable":true,"href":"https:\/\/jms.com.bo\/mediamonitor\/wp-json\/wp\/v2\/tags?post=46577"}],"curies":[{"name":"wp","href":"https:\/\/api.w.org\/{rel}","templated":true}]}}