{"id":46579,"date":"2023-03-24T06:50:14","date_gmt":"2023-03-24T10:50:14","guid":{"rendered":"https:\/\/jms.com.bo\/mediamonitor\/2023\/03\/24\/maestros-de-villa-montes-van-al-paro-con-bloqueo-y-cierre-de-fronteras\/"},"modified":"2023-03-24T06:50:14","modified_gmt":"2023-03-24T10:50:14","slug":"maestros-de-villa-montes-van-al-paro-con-bloqueo-y-cierre-de-fronteras","status":"publish","type":"post","link":"https:\/\/jms.com.bo\/mediamonitor\/2023\/03\/24\/maestros-de-villa-montes-van-al-paro-con-bloqueo-y-cierre-de-fronteras\/","title":{"rendered":"Maestros de Villa Montes van al paro con bloqueo y cierre de fronteras"},"content":{"rendered":"<p style=\"text-align: justify;\">El Magisterio Urbano de Villa montes acatar\u00e1 el paro con bloqueo de carreteras y cierre de fronteras convocado para este viernes 24 de marzo por la Confederaci\u00f3n de Educaci\u00f3n urbana de Bolivia, tras no llegar a un acuerdo con el Ministerio de Educaci\u00f3n respecto a la atenci\u00f3n de sus demandas.<\/p>\n<p style=\"text-align: justify;\">El profesor Ademar S\u00e1nchez, presidente del Comit\u00e9 de Movilizaci\u00f3n del magisterio urbano de Villa Montes, inform\u00f3 que -de acuerdo a la instructiva emitida por la confederaci\u00f3n nacional- la medida con suspensi\u00f3n de actividades iniciar\u00e1 desde las desde las cero horas del viernes.<\/p>\n<p style=\"text-align: justify;\">Un punto de bloqueo se instalar\u00e1 en la ruta 9, altura de El Bordo Caiguami.<br \/>\nS\u00e1nchez, en entrevista con Fides, manifest\u00f3 su molestia por la represi\u00f3n con agentes qu\u00edmicos y balines registrada en contra de sus colegas que realizaban una marcha pac\u00edfica en la ciudad de La Paz, que dej\u00f3 casi un centenar de heridos.<\/p>\n<p style=\"text-align: justify;\">Cabe recordar que el magisterio urbano inici\u00f3 sus movilizaciones hace tres semanas exigiendo la suspensi\u00f3n de la aplicaci\u00f3n de los nuevos contenidos de la malla curricular, un congreso de la educaci\u00f3n, mayor presupuesto para el sector, \u00edtems de nueva creaci\u00f3n y atenci\u00f3n al d\u00e9ficit hist\u00f3rico, entre otros temas.<\/p>\n<p style=\"text-align: justify;\">\n","protected":false},"excerpt":{"rendered":"<p>El Magisterio Urbano de Villa montes acatar\u00e1 el paro con bloqueo de carreteras y cierre de fronteras convocado para este viernes 24 de marzo por la Confederaci\u00f3n de Educaci\u00f3n urbana de Bolivia, tras no llegar a un acuerdo con el Ministerio de Educaci\u00f3n respecto a la atenci\u00f3n de sus demandas. El profesor Ademar S\u00e1nchez, presidente [&hellip;]<\/p>\n","protected":false},"author":4,"featured_media":46580,"comment_status":"open","ping_status":"closed","sticky":false,"template":"","format":"standard","meta":{"footnotes":""},"categories":[49],"tags":[],"class_list":{"0":"post-46579","1":"post","2":"type-post","3":"status-publish","4":"format-standard","5":"has-post-thumbnail","7":"category-social"},"_links":{"self":[{"href":"https:\/\/jms.com.bo\/mediamonitor\/wp-json\/wp\/v2\/posts\/46579","targetHints":{"allow":["GET"]}}],"collection":[{"href":"https:\/\/jms.com.bo\/mediamonitor\/wp-json\/wp\/v2\/posts"}],"about":[{"href":"https:\/\/jms.com.bo\/mediamonitor\/wp-json\/wp\/v2\/types\/post"}],"author":[{"embeddable":true,"href":"https:\/\/jms.com.bo\/mediamonitor\/wp-json\/wp\/v2\/users\/4"}],"replies":[{"embeddable":true,"href":"https:\/\/jms.com.bo\/mediamonitor\/wp-json\/wp\/v2\/comments?post=46579"}],"version-history":[{"count":0,"href":"https:\/\/jms.com.bo\/mediamonitor\/wp-json\/wp\/v2\/posts\/46579\/revisions"}],"wp:featuredmedia":[{"embeddable":true,"href":"https:\/\/jms.com.bo\/mediamonitor\/wp-json\/wp\/v2\/media\/46580"}],"wp:attachment":[{"href":"https:\/\/jms.com.bo\/mediamonitor\/wp-json\/wp\/v2\/media?parent=46579"}],"wp:term":[{"taxonomy":"category","embeddable":true,"href":"https:\/\/jms.com.bo\/mediamonitor\/wp-json\/wp\/v2\/categories?post=46579"},{"taxonomy":"post_tag","embeddable":true,"href":"https:\/\/jms.com.bo\/mediamonitor\/wp-json\/wp\/v2\/tags?post=46579"}],"curies":[{"name":"wp","href":"https:\/\/api.w.org\/{rel}","templated":true}]}}