{"id":46583,"date":"2023-03-24T06:53:24","date_gmt":"2023-03-24T10:53:24","guid":{"rendered":"https:\/\/jms.com.bo\/mediamonitor\/2023\/03\/24\/lluvias-dejan-dos-personas-ahogadas-elevan-niveles-de-los-rios-y-anegan-viviendas\/"},"modified":"2023-03-24T06:53:24","modified_gmt":"2023-03-24T10:53:24","slug":"lluvias-dejan-dos-personas-ahogadas-elevan-niveles-de-los-rios-y-anegan-viviendas","status":"publish","type":"post","link":"https:\/\/jms.com.bo\/mediamonitor\/2023\/03\/24\/lluvias-dejan-dos-personas-ahogadas-elevan-niveles-de-los-rios-y-anegan-viviendas\/","title":{"rendered":"Lluvias dejan dos personas ahogadas, elevan niveles de los r\u00edos y anegan viviendas"},"content":{"rendered":"<p style=\"text-align: justify;\">Las persistentes lluvias de los \u00faltimos d\u00edas dejaron viviendas anegadas, dos personas ahogadas y crecidas extraordinarias en las principales cuencas del departamento.<\/p>\n<p style=\"text-align: justify;\">La noche del mi\u00e9rcoles se recuper\u00f3 el cuerpo de una persona de aproximadamente de 70 a\u00f1os en el r\u00edo Pira\u00ed, a la altura de la comunidad Limoncito, en el municipio de El Torno.<\/p>\n<p style=\"text-align: justify;\">La ma\u00f1ana de este jueves, un equipo de rescatistas encontr\u00f3 el cuerpo sin vida de un hombre cerca del r\u00edo Pira\u00ed. Se presume que la v\u00edctima cay\u00f3 al canal Isuto y fue arrastrada por la corriente.<\/p>\n<p style=\"text-align: justify;\">La secretaria de Seguridad Ciudadana de la Gobernaci\u00f3n, Paola Weber, asegur\u00f3 que la persona de 70 a\u00f1os perdi\u00f3 la vida al ser arrastrada por la corriente del agua.<\/p>\n<p style=\"text-align: justify;\">De la misma manera, asistieron a un grupo de personas que quedaron atrapadas en la zona del km 12, en la antigua carretera a Cochabamba.<\/p>\n<p style=\"text-align: justify;\">El jefe de la Unidad de Cuencas, Fernando Casanovas, record\u00f3 que se emiten alertas sobre las crecidas de los r\u00edos, pero lament\u00f3 que hay personas que hacen caso omiso a estas advertencias.<\/p>\n<p style=\"text-align: justify;\">Inform\u00f3 que se registraron crecidas extraordinarias en los diferentes afluentes. En la cuenca alta del Pira\u00ed se dieron grandes crecidas por las precipitaciones de hace 48 horas, acumulando hasta 100 mil\u00edmetros, lo que provoc\u00f3 crecidas bruscas.<\/p>\n<p style=\"text-align: justify;\">\u201cLas lluvias son generales, pero principalmente los problemas se est\u00e1n dando en la cuenca del Pira\u00ed y el r\u00edo Grande. En este \u00faltimo se alcanz\u00f3 hasta 9 metros en la cuenca alta\u201d, remarc\u00f3.<\/p>\n<p style=\"text-align: justify;\">En la capital cruce\u00f1a<\/p>\n<p style=\"text-align: justify;\">En la ciudad, la situaci\u00f3n se repiti\u00f3 como todas las veces que ocurren este tipo de precipitaciones pluviales con calles anegadas y escasez de unidades de transporte urbano. Los escolares tambi\u00e9n se vieron afectados en los actos programados por el D\u00eda del Mar.<\/p>\n<p style=\"text-align: justify;\">Varios veh\u00edculos quedaron atascados en medio del agua, debido a que muchas avenidas se convirtieron en r\u00edos. Algunos canales de drenaje rebalsaron debido al intenso caudal, como sucedi\u00f3 en la avenida Beni y en el s\u00e9ptimo anillo.<\/p>\n<p style=\"text-align: justify;\">En los barrios, el agua ingres\u00f3 a algunas viviendas, lo que oblig\u00f3 a las familias a pedir el auxilio de las brigadas de emergencia.<\/p>\n<p style=\"text-align: justify;\">El director de Riesgo y Emergencia Municipal, Roxney Borda, se\u00f1al\u00f3 que se movilizaron equipos a la zona del Plan Tres Mil y tercer anillo de la doble v\u00eda La Guardia, entre otras zonas.<\/p>\n<p style=\"text-align: justify;\">\u201cLas brigadas cumplieron tareas de desag\u00fce y auxilio por la ca\u00edda de \u00e1rboles. Tambi\u00e9n se mand\u00f3 un equipo al Distrito Municipal 10, zona del barrio Santa Ana, donde se ayud\u00f3 a los afectados por el agua acumulada en ocho viviendas\u201d, dijo el funcionario.<\/p>\n<p style=\"text-align: justify;\">Borda recomend\u00f3 a la poblaci\u00f3n no dejar sus motorizados bajo los \u00e1rboles, porque pueden ceder debido a la humedad del terreno.<\/p>\n<p style=\"text-align: justify;\">Por su lado, la Unidad Urbana de Bomberos y Rescate (UUBR) tambi\u00e9n atendi\u00f3 emergencias por la lluvia. Seg\u00fan el reporte, se atendi\u00f3 la ca\u00edda de un \u00e1rbol por la zona sur de la ciudad y otros incidentes en el r\u00edo Pirai.<\/p>\n<p style=\"text-align: justify;\">Sobre la situaci\u00f3n de los canales de drenaje, Jorge Siles, jefe del Departamento de Fiscalizaci\u00f3n de Obras de Drenaje de la comuna, indic\u00f3 que se atendi\u00f3 un llamado en la prolongaci\u00f3n Beni y sexto anillo, donde la maleza afect\u00f3 el desag\u00fce.<\/p>\n<p style=\"text-align: justify;\">Tambi\u00e9n se realiz\u00f3 la limpieza de sumideros en al menos siete puntos del centro de la ciudad.<\/p>\n<p style=\"text-align: justify;\">Pidi\u00f3 a la poblaci\u00f3n que para cualquier emergencia se comunique a la l\u00ednea gratuita 800-12 5700.<\/p>\n<p style=\"text-align: justify;\">Alerta del Senamhi<\/p>\n<p style=\"text-align: justify;\">El Servicio Nacional de Meteorolog\u00eda e Hidrolog\u00eda (Senamhi) emiti\u00f3 la alerta naranja hasta el domingo por ascensos progresivos y repentinos de nivel con posibles desbordes en las cuencas del r\u00edo Mamor\u00e9, Beni, Madre de Dios, Tahuamanu y Abun\u00e1, afectando a Beni, Pando, La Paz y Cochabamba. Adem\u00e1s, en Santa Cruz se alert\u00f3 de crecidas en los r\u00edos Ichilo, Choro Negro, Palcha, Yapacan\u00ed, Surut\u00fa, Pira\u00ed y r\u00edo Grande.<\/p>\n<p style=\"text-align: justify;\">Emiti\u00f3 la alerta roja advirtiendo de crecidas en el departamento de Beni (cuenca del r\u00edo Isiboro) y Cochabamba (cuenca Alta del r\u00edo Isiboro).<\/p>\n<p style=\"text-align: justify;\">\u201cLas lluvias est\u00e1n sucediendo de forma inusual en la \u00e9poca de finalizaci\u00f3n del periodo porque se retrasaron, ya que generalmente comienzan a inicios de noviembre, pero por la prolongaci\u00f3n de la sequ\u00eda empezaron en la segunda quincena de diciembre. Creo que durar\u00e1n hasta gran parte de abril\u201d, explic\u00f3 Luis Alberto Alpire, experto en agrometeorolog\u00eda.<\/p>\n<p style=\"text-align: justify;\">Sobre la precipitaci\u00f3n de este jueves, dijo que llovi\u00f3 mucho, es decir, 60 litros por metro cuadrado, pero en un periodo prolongado, por aproximadamente seis horas, a diferencia de la anterior lluvia, cuando la ciudad qued\u00f3 colapsada. \u201cSi comparamos, la anterior lluvia fue de dos horas, y la precipitaci\u00f3n fue de 94 litros por metro cuadrado\u201d, agreg\u00f3.<\/p>\n<p style=\"text-align: justify;\">Sobre el pron\u00f3stico, dijo que las precipitaciones retornar\u00e1n en la madrugada del viernes 24. \u201cVan a ser lluvias de menor intensidad, d\u00e9biles a moderadas\u201d, dijo.<\/p>\n<p style=\"text-align: justify;\">Inform\u00f3 que en los Valles cruce\u00f1os ha llovido m\u00e1s que en otros puntos del departamento, con tres d\u00edas de precipitaciones en las provincias Vallegrande y Florida, cosa que tambi\u00e9n es inusual, \u201cpero es por el retraso en el periodo de lluvias\u201d, insisti\u00f3. Estas precipitaciones en los Valles han ocasionado derrumbes importantes, que dejaron varias rutas intransitables.<\/p>\n","protected":false},"excerpt":{"rendered":"<p>Las persistentes lluvias de los \u00faltimos d\u00edas dejaron viviendas anegadas, dos personas ahogadas y crecidas extraordinarias en las principales cuencas del departamento. La noche del mi\u00e9rcoles se recuper\u00f3 el cuerpo de una persona de aproximadamente de 70 a\u00f1os en el r\u00edo Pira\u00ed, a la altura de la comunidad Limoncito, en el municipio de El Torno. [&hellip;]<\/p>\n","protected":false},"author":4,"featured_media":46584,"comment_status":"open","ping_status":"closed","sticky":false,"template":"","format":"standard","meta":{"footnotes":""},"categories":[20],"tags":[],"class_list":{"0":"post-46583","1":"post","2":"type-post","3":"status-publish","4":"format-standard","5":"has-post-thumbnail","7":"category-actualidad"},"_links":{"self":[{"href":"https:\/\/jms.com.bo\/mediamonitor\/wp-json\/wp\/v2\/posts\/46583","targetHints":{"allow":["GET"]}}],"collection":[{"href":"https:\/\/jms.com.bo\/mediamonitor\/wp-json\/wp\/v2\/posts"}],"about":[{"href":"https:\/\/jms.com.bo\/mediamonitor\/wp-json\/wp\/v2\/types\/post"}],"author":[{"embeddable":true,"href":"https:\/\/jms.com.bo\/mediamonitor\/wp-json\/wp\/v2\/users\/4"}],"replies":[{"embeddable":true,"href":"https:\/\/jms.com.bo\/mediamonitor\/wp-json\/wp\/v2\/comments?post=46583"}],"version-history":[{"count":0,"href":"https:\/\/jms.com.bo\/mediamonitor\/wp-json\/wp\/v2\/posts\/46583\/revisions"}],"wp:featuredmedia":[{"embeddable":true,"href":"https:\/\/jms.com.bo\/mediamonitor\/wp-json\/wp\/v2\/media\/46584"}],"wp:attachment":[{"href":"https:\/\/jms.com.bo\/mediamonitor\/wp-json\/wp\/v2\/media?parent=46583"}],"wp:term":[{"taxonomy":"category","embeddable":true,"href":"https:\/\/jms.com.bo\/mediamonitor\/wp-json\/wp\/v2\/categories?post=46583"},{"taxonomy":"post_tag","embeddable":true,"href":"https:\/\/jms.com.bo\/mediamonitor\/wp-json\/wp\/v2\/tags?post=46583"}],"curies":[{"name":"wp","href":"https:\/\/api.w.org\/{rel}","templated":true}]}}