{"id":46587,"date":"2023-03-24T06:56:09","date_gmt":"2023-03-24T10:56:09","guid":{"rendered":"https:\/\/jms.com.bo\/mediamonitor\/2023\/03\/24\/educacion-asegura-que-en-muchos-colegios-las-clases-seran-normales-este-viernes-ve-pedidos-exorbitantes\/"},"modified":"2023-03-24T06:56:09","modified_gmt":"2023-03-24T10:56:09","slug":"educacion-asegura-que-en-muchos-colegios-las-clases-seran-normales-este-viernes-ve-pedidos-exorbitantes","status":"publish","type":"post","link":"https:\/\/jms.com.bo\/mediamonitor\/2023\/03\/24\/educacion-asegura-que-en-muchos-colegios-las-clases-seran-normales-este-viernes-ve-pedidos-exorbitantes\/","title":{"rendered":"Educaci\u00f3n asegura que en \u2018muchos\u2019 colegios las clases ser\u00e1n normales este viernes; ve pedidos exorbitantes"},"content":{"rendered":"<p style=\"text-align: justify;\">Sin soluci\u00f3n al conflicto el paro es un hecho. Maestros urbanos no est\u00e1n dispuestos a ceder y van este viernes a una suspensi\u00f3n de clases, entre otras medidas. El Ministerio de Educaci\u00f3n afirm\u00f3 que existen demandas sin sustento y que en \u201cmuchos colegios\u201d, las clases ser\u00e1n normales.<\/p>\n<p style=\"text-align: justify;\">\u201cNosotros conocemos que, en las unidades educativas, en muchas unidades educativas, ma\u00f1ana (viernes) las labores educativas son completamente normales, han sacado tambi\u00e9n comunicados. Obviamente no todos est\u00e1n de acuerdo con el movimiento, saben muy bien cu\u00e1l es la situaci\u00f3n educativa\u201d, afirm\u00f3 el ministro de Educaci\u00f3n, \u00c9dgar Pary.<\/p>\n<p style=\"text-align: justify;\">La \u00faltima esperanza para evitar un paro muri\u00f3 este jueves. Luego de exigir una respuesta t\u00e9cnica escrita y recibirla este mi\u00e9rcoles, para los maestros urbanos no fue suficiente la propuesta del Ministerio de Educaci\u00f3n y ratificaron su paro, m\u00e1s bloqueos y marchas.<\/p>\n<p style=\"text-align: justify;\">Para Educaci\u00f3n existen demandas sin sustento ni coherencia. Ratific\u00f3 que la intenci\u00f3n del Gobierno es atender los pedidos, pero que deben ser de manera progresiva y con un respaldo t\u00e9cnico de por medio.<\/p>\n<p style=\"text-align: justify;\">\u201cNuestro gobierno est\u00e1 empe\u00f1ado a seguir atendiendo progresivamente, pero de golpe, como nos piden, 12.000, 17.000 \u00edtems, de d\u00f3nde los sacamos y d\u00f3nde los ponemos. Tenemos que ser coherentes. Por eso, lo que siempre hemos planteado, se atiende analizando desde un punto de vista t\u00e9cnico y desde el normativo\u201d, indic\u00f3 la autoridad.<\/p>\n<p style=\"text-align: justify;\">Cinco pedidos son exigidos por los maestros urbanos. Compensaci\u00f3n de carga horaria, m\u00e1s \u00edtems, mayor presupuesto, realizaci\u00f3n de un congreso nacional y el rechazo a la malla curricular. Educaci\u00f3n considera que si bien son temas que ameritan un tratamiento, se debe hacer con el estudio respectivo.<\/p>\n<p style=\"text-align: justify;\">\u201cEn el tema de \u00edtems est\u00e1n manejando cifras exorbitantes, que no tienen ninguna fuente. Nos hablan de 17.000, de 13.000, de 8.000; no podemos manejar cifras, eso justamente es con la finalidad de llamar la atenci\u00f3n y no podemos trabajar de esa manera\u201d.<\/p>\n<p style=\"text-align: justify;\">Respecto a la carga horaria, Pary observ\u00f3 que el d\u00e9ficit hist\u00f3rico se descuid\u00f3 y acumul\u00f3 en la gesti\u00f3n 2020, cuando ingres\u00f3 el gobierno transitorio. Pero, pese a esto, afirm\u00f3 que debe ser un tema para el debate.<\/p>\n<p style=\"text-align: justify;\">\u201cEn la gesti\u00f3n 2020 no hubo estas marchas, no hubo estos bloqueos, no hubo paro de 24 horas; nadie reclam\u00f3 en la gesti\u00f3n 2020 ni un \u00edtem y cuando en la gesti\u00f3n 2020 deber\u00eda haberse asignado al crecimiento vegetativo, no han asignado, hoy eso m\u00e1s est\u00e1 cargado al d\u00e9ficit hist\u00f3rico, vamos a responder, no vamos a negar, al final son nuestras unidades educativas\u201d.<\/p>\n<p style=\"text-align: justify;\">Sobre la malla curricular actualizada. El pedido de los maestros es que se suspenda su aplicaci\u00f3n, no obstante, el ministerio indic\u00f3 que hacerlo significar\u00eda descartar los avances que padres y estudiantes consensuaron en el congreso en que se dise\u00f1aron los contenidos.<\/p>\n<p style=\"text-align: justify;\">\u201cEn eso hemos sido bien claros, todo es aplicaci\u00f3n procesual. No es de golpe todo, tampoco es el 100% de contenidos, son algunos. Ellos mienten, dicen que es una malla curricular y no lo es son algunos contenidos\u201d, asever\u00f3.<\/p>\n<p style=\"text-align: justify;\">Contenidos como rob\u00f3tica, ajedrez, econom\u00eda, son parte de la actualizaci\u00f3n de la malla curricular, que no era tocada hace m\u00e1s de 10 a\u00f1os. Educaci\u00f3n asegura que es necesario que la ense\u00f1anza de los ni\u00f1os se adapte a la nueva realidad.<\/p>\n<p style=\"text-align: justify;\">Sobre el congreso y el presupuesto, Pary afirm\u00f3 que estos dos puntos son tambi\u00e9n parte del pliego de la Central Obrera Boliviana (COB) y que corresponde ah\u00ed su tratamiento, Sin embargo, el magisterio urbano no habr\u00eda reconocido a la COB, aunque aglutina a su confederaci\u00f3n.<\/p>\n<p style=\"text-align: justify;\">Pese a esto y a la otorgaci\u00f3n de suspender el reordenamiento de los maestros, que fue en inicio parte del pliego, el magisterio no se detiene. Este jueves por la noche volvi\u00f3 a marcha en La Paz y para el viernes amenaz\u00f3 con no pasar clases.<\/p>\n<p style=\"text-align: justify;\">Pary los llam\u00f3 a la reflexi\u00f3n y reiter\u00f3 que est\u00e1n dispuestos a dialogar a la hora y d\u00eda que ellos pidan. Para el sector las respuestas son insuficientes. Padres de familia se declararon en emergencia, la junta nacional afirm\u00f3 que tambi\u00e9n analizar\u00e1n medidas dado que ven de mala manera que no se pasen clases.<\/p>\n","protected":false},"excerpt":{"rendered":"<p>Sin soluci\u00f3n al conflicto el paro es un hecho. Maestros urbanos no est\u00e1n dispuestos a ceder y van este viernes a una suspensi\u00f3n de clases, entre otras medidas. El Ministerio de Educaci\u00f3n afirm\u00f3 que existen demandas sin sustento y que en \u201cmuchos colegios\u201d, las clases ser\u00e1n normales. \u201cNosotros conocemos que, en las unidades educativas, en [&hellip;]<\/p>\n","protected":false},"author":4,"featured_media":46588,"comment_status":"open","ping_status":"closed","sticky":false,"template":"","format":"standard","meta":{"footnotes":""},"categories":[20,47,48],"tags":[],"class_list":{"0":"post-46587","1":"post","2":"type-post","3":"status-publish","4":"format-standard","5":"has-post-thumbnail","7":"category-actualidad","8":"category-portada-actualidad","9":"category-portada-general-sitio"},"_links":{"self":[{"href":"https:\/\/jms.com.bo\/mediamonitor\/wp-json\/wp\/v2\/posts\/46587","targetHints":{"allow":["GET"]}}],"collection":[{"href":"https:\/\/jms.com.bo\/mediamonitor\/wp-json\/wp\/v2\/posts"}],"about":[{"href":"https:\/\/jms.com.bo\/mediamonitor\/wp-json\/wp\/v2\/types\/post"}],"author":[{"embeddable":true,"href":"https:\/\/jms.com.bo\/mediamonitor\/wp-json\/wp\/v2\/users\/4"}],"replies":[{"embeddable":true,"href":"https:\/\/jms.com.bo\/mediamonitor\/wp-json\/wp\/v2\/comments?post=46587"}],"version-history":[{"count":0,"href":"https:\/\/jms.com.bo\/mediamonitor\/wp-json\/wp\/v2\/posts\/46587\/revisions"}],"wp:featuredmedia":[{"embeddable":true,"href":"https:\/\/jms.com.bo\/mediamonitor\/wp-json\/wp\/v2\/media\/46588"}],"wp:attachment":[{"href":"https:\/\/jms.com.bo\/mediamonitor\/wp-json\/wp\/v2\/media?parent=46587"}],"wp:term":[{"taxonomy":"category","embeddable":true,"href":"https:\/\/jms.com.bo\/mediamonitor\/wp-json\/wp\/v2\/categories?post=46587"},{"taxonomy":"post_tag","embeddable":true,"href":"https:\/\/jms.com.bo\/mediamonitor\/wp-json\/wp\/v2\/tags?post=46587"}],"curies":[{"name":"wp","href":"https:\/\/api.w.org\/{rel}","templated":true}]}}