{"id":46589,"date":"2023-03-24T06:59:44","date_gmt":"2023-03-24T10:59:44","guid":{"rendered":"https:\/\/jms.com.bo\/mediamonitor\/2023\/03\/24\/arce-incluye-por-primera-vez-el-tema-migratorio-en-la-agenda-post-la-haya-con-chile\/"},"modified":"2023-03-24T06:59:44","modified_gmt":"2023-03-24T10:59:44","slug":"arce-incluye-por-primera-vez-el-tema-migratorio-en-la-agenda-post-la-haya-con-chile","status":"publish","type":"post","link":"https:\/\/jms.com.bo\/mediamonitor\/2023\/03\/24\/arce-incluye-por-primera-vez-el-tema-migratorio-en-la-agenda-post-la-haya-con-chile\/","title":{"rendered":"Arce incluye por primera vez el tema migratorio en la agenda post La Haya con Chile"},"content":{"rendered":"<p style=\"text-align: justify;\">Desde que asumi\u00f3 el poder en 2020, fue el tercer mensaje que pronunci\u00f3 para homenajear a los h\u00e9roes de Calama (1879). Ayer, el presidente Luis Arce lanz\u00f3 una propuesta de siete puntos para reencauzar las relaciones con Chile, pol\u00edticamente congeladas desde hace nueve a\u00f1os por efecto de dos juicios que se ventilaron ante la Corte Internacional de Justicia (CIJ) radicada en La Haya.<\/p>\n<p style=\"text-align: justify;\">Adem\u00e1s de ratificar los principios del Art\u00edculo 268 de la Constituci\u00f3n Pol\u00edtica del Estado sobre \u201cel derecho irrenunciable\u201d del pa\u00eds para acceder al mar \u201ccon soberan\u00eda\u201d, el mandatario plante\u00f3 en la \u201cnueva agenda\u201d el problema migratorio que gener\u00f3 tensi\u00f3n entre La Paz y Santiago por la militarizaci\u00f3n de la frontera com\u00fan.<\/p>\n<p style=\"text-align: justify;\">Arce asegur\u00f3 que la movilidad social es una de las caracter\u00edsticas del mundo actual. \u201cLa globalizaci\u00f3n s\u00f3lo quer\u00eda un libre movimiento para las mercanc\u00edas, pero los hombres y mujeres del mundo se encargan de hacer suyo el derecho a moverse de un lado a otro\u201d, puntualiz\u00f3 al referirse por primera vez al tema de manera p\u00fablica.<\/p>\n<p style=\"text-align: justify;\">\u201cBolivia propone un di\u00e1logo entre todos los pa\u00edses involucrados en la migraci\u00f3n de nuestra regi\u00f3n abordando el tema migratorio desde la perspectiva de la defensa y el respeto de la vida\u201d, explic\u00f3.<\/p>\n<p style=\"text-align: justify;\">Bolivia y Chile comparten una frontera de 861 kil\u00f3metros por donde miles de ciudadanos venezolanos, colombianos y haitianos, especialmente, pasan de manera irregular. Ambos pa\u00edses dialogan en el \u00e1mbito consular sobre este problema desde 2020, pero sin ninguna se\u00f1al pol\u00edtica concreta. La administraci\u00f3n del presidente Arce reivindic\u00f3 en ese escenario el respeto a los derechos humanos de los migrantes.<\/p>\n<p style=\"text-align: justify;\">Por su lado, el presidente de Chile, Gabriel Boric, no respondi\u00f3 al mensaje de Arce, pero desde su gobierno anunciaron una reuni\u00f3n con Luis Arce en el escenario de la 28 Cumbre Iberoamericana que se desarrollar\u00e1 este fin de semana en Santo Domingo, capital de la caribe\u00f1a Rep\u00fablica Dominicana.<\/p>\n<p style=\"text-align: justify;\">De acuerdo con el reporte de medios de comunicaci\u00f3n chilenos, Boric viaj\u00f3 ayer junto con su nuevo canciller, Alberto Van Klaveren, un viejo conocedor de las relaciones con Bolivia, pues se trata de un diplom\u00e1tico que estuvo cerca de la agenda de los 13 puntos que incluy\u00f3 el tema mar\u00edtimo con Bolivia y el \u201cdesarrollo de las confianzas mutuas\u201d que entre 2007 y 2012 avanz\u00f3, incluso, en un dialogo protocolar entre pares de las dos Fuerzas Armadas.<\/p>\n<p style=\"text-align: justify;\">El fallo de la CIJ del 1 de octubre de 2018 declar\u00f3 que Chile no estaba obligado a negociar una salida soberana al mar, pero al mismo tiempo recomend\u00f3 que ambos pa\u00edses retomen las conversaciones sobre los avances que se dieron respecto a esta materia. En 2022, la CIJ le reconoci\u00f3 al pa\u00eds el derecho sobre los bofedales del Silala y a Chile el uso del cauce del \u201cr\u00edo internacional\u201d. El jefe de Estado anunci\u00f3 ayer que el Ministerio de Medio Ambiente y la Canciller\u00eda iniciar\u00e1n los trabajos de revitalizaci\u00f3n de esa reserva.<\/p>\n<p style=\"text-align: justify;\">Arce tambi\u00e9n propuso a Chile conversar sobre el contrabando que nace en la Zona Franca de Iquique (Zofri) y que afecta al pa\u00eds. En 2022, el 65% de las ventas generadas en ese recinto, unos $us 3.000 millones, se declararon como de consumo local, pero en realidad se tradujeron en mercader\u00edas que llegaron al pa\u00eds.<\/p>\n<p style=\"text-align: justify;\">\u201cProponemos discutir medidas eficaces que tomen en cuenta el origen del problema, limitando la cantidad de productos que se venden a los habitantes de la llamada Zona Franca de extensi\u00f3n\u201d, dijo Arce luego de mencionar la disposici\u00f3n del pa\u00eds para enfrentar al narcotr\u00e1fico y delitos conexos.<\/p>\n<p style=\"text-align: justify;\">La agenda tambi\u00e9n incluye una propuesta para el desarrollo de la industria del litio. \u201cTenemos litio en Bolivia, Chile, Argentina y Per\u00fa y estamos dispuestos a dise\u00f1ar de manera conjunta una pol\u00edtica que asegure la posici\u00f3n de nuestros pa\u00edses como proveedores de este tipo de energ\u00eda en condiciones soberanas que favorezcan a nuestros pueblos\u201d, apunt\u00f3 Arce.<\/p>\n<p style=\"text-align: justify;\">En el mensaje por el D\u00eda del Mar, el presidente se refiri\u00f3 a viejos temas de la agenda, como la privatizaci\u00f3n de los puertos de Chile que data de 2004 y el cumplimiento del Tratado de 1904. Este pacto obliga a Chile a brindar las condiciones de libre tr\u00e1nsito a los puertos a perpetuidad.<\/p>\n<p style=\"text-align: justify;\">Por efecto de la demanda mar\u00edtima, que tiene su origen en la Guerra del Pac\u00edfico (1879-1883), Bolivia y Chile no tienen relaciones diplom\u00e1ticas a nivel de embajadas. Eso s\u00ed ambos pa\u00edses tambi\u00e9n est\u00e1n vinculados con acuerdos como el ACE-22 que permite la exportaci\u00f3n de productos sin aranceles.<\/p>\n","protected":false},"excerpt":{"rendered":"<p>Desde que asumi\u00f3 el poder en 2020, fue el tercer mensaje que pronunci\u00f3 para homenajear a los h\u00e9roes de Calama (1879). Ayer, el presidente Luis Arce lanz\u00f3 una propuesta de siete puntos para reencauzar las relaciones con Chile, pol\u00edticamente congeladas desde hace nueve a\u00f1os por efecto de dos juicios que se ventilaron ante la Corte [&hellip;]<\/p>\n","protected":false},"author":4,"featured_media":46590,"comment_status":"open","ping_status":"closed","sticky":false,"template":"","format":"standard","meta":{"footnotes":""},"categories":[18],"tags":[],"class_list":{"0":"post-46589","1":"post","2":"type-post","3":"status-publish","4":"format-standard","5":"has-post-thumbnail","7":"category-politica"},"_links":{"self":[{"href":"https:\/\/jms.com.bo\/mediamonitor\/wp-json\/wp\/v2\/posts\/46589","targetHints":{"allow":["GET"]}}],"collection":[{"href":"https:\/\/jms.com.bo\/mediamonitor\/wp-json\/wp\/v2\/posts"}],"about":[{"href":"https:\/\/jms.com.bo\/mediamonitor\/wp-json\/wp\/v2\/types\/post"}],"author":[{"embeddable":true,"href":"https:\/\/jms.com.bo\/mediamonitor\/wp-json\/wp\/v2\/users\/4"}],"replies":[{"embeddable":true,"href":"https:\/\/jms.com.bo\/mediamonitor\/wp-json\/wp\/v2\/comments?post=46589"}],"version-history":[{"count":0,"href":"https:\/\/jms.com.bo\/mediamonitor\/wp-json\/wp\/v2\/posts\/46589\/revisions"}],"wp:featuredmedia":[{"embeddable":true,"href":"https:\/\/jms.com.bo\/mediamonitor\/wp-json\/wp\/v2\/media\/46590"}],"wp:attachment":[{"href":"https:\/\/jms.com.bo\/mediamonitor\/wp-json\/wp\/v2\/media?parent=46589"}],"wp:term":[{"taxonomy":"category","embeddable":true,"href":"https:\/\/jms.com.bo\/mediamonitor\/wp-json\/wp\/v2\/categories?post=46589"},{"taxonomy":"post_tag","embeddable":true,"href":"https:\/\/jms.com.bo\/mediamonitor\/wp-json\/wp\/v2\/tags?post=46589"}],"curies":[{"name":"wp","href":"https:\/\/api.w.org\/{rel}","templated":true}]}}