{"id":46593,"date":"2023-03-24T07:03:06","date_gmt":"2023-03-24T11:03:06","guid":{"rendered":"https:\/\/jms.com.bo\/mediamonitor\/2023\/03\/24\/caf-destinara-us-4-000-millones-a-proyectos-de-seguridad-hidrica-inundaciones-y-sequias\/"},"modified":"2023-03-24T07:03:06","modified_gmt":"2023-03-24T11:03:06","slug":"caf-destinara-us-4-000-millones-a-proyectos-de-seguridad-hidrica-inundaciones-y-sequias","status":"publish","type":"post","link":"https:\/\/jms.com.bo\/mediamonitor\/2023\/03\/24\/caf-destinara-us-4-000-millones-a-proyectos-de-seguridad-hidrica-inundaciones-y-sequias\/","title":{"rendered":"CAF destinar\u00e1 $us 4.000 millones a proyectos de seguridad h\u00eddrica, inundaciones y sequ\u00edas"},"content":{"rendered":"<p style=\"text-align: justify;\">En la actualidad, m\u00e1s de un cuarto de la poblaci\u00f3n mundial (2 mil millones de personas) carece de acceso a agua segura y la mitad (3,6 mil millones) vive sin saneamiento. Adem\u00e1s, cerca del 66 por ciento de las aguas residuales son vertidas al ambiente sin tratamiento.<\/p>\n<p style=\"text-align: justify;\">En tanto, en Am\u00e9rica Latina y el Caribe, 161 millones de personas a\u00fan viven sin acceso a agua potable segura y 431 millones carecen de acceso a saneamiento, con m\u00e1s de 320 millones ubicados en las ciudades.<\/p>\n<p style=\"text-align: justify;\">Ante esta realidad, CAF -banco de desarrollo de Am\u00e9rica Latina dispuso una inversi\u00f3n, por $us 4.000 millones, que financiar\u00e1 proyectos e iniciativas que promuevan una gesti\u00f3n integrada del recurso h\u00eddrico y una mejora en la gobernanza del agua a nivel regional, hasta 2026.<\/p>\n<p style=\"text-align: justify;\">El compromiso permitir\u00e1 generar comunidades m\u00e1s saludables, inclusivas y resilientes al clima, y contribuir\u00e1 a la reducci\u00f3n de las brechas existentes en el marco del Objetivo de Desarrollo Sostenible n\u00famero 6 de la Agenda 2030, que busca garantizar la disponibilidad y gesti\u00f3n sostenible del agua y el saneamiento para todos los habitantes.<\/p>\n<p style=\"text-align: justify;\">En paralelo, el organismo multilateral presentar\u00e1 pr\u00f3ximamente su Estrategia de Agua 2023-2026, que establece las l\u00edneas de acci\u00f3n para la seguridad h\u00eddrica, y como parte de ellas se prev\u00e9 continuar la aceleraci\u00f3n de iniciativas sostenibles y de calidad a trav\u00e9s del Programa de Preparaci\u00f3n de Proyectos de Agua CAF-PPSA.<\/p>\n<p style=\"text-align: justify;\">Adem\u00e1s, catalizar\u00e1 mayores recursos de inversi\u00f3n y de preinversi\u00f3n de otras agencias y donantes internacionales, y propiciar\u00e1 una mayor participaci\u00f3n del sector privado para amplificar la cartera de proyectos h\u00eddricos y dinamizar la reducci\u00f3n de brechas en la regi\u00f3n de Am\u00e9rica Latina y el Caribe.<\/p>\n<p style=\"text-align: justify;\">El compromiso incluye el establecimiento de sinergias con instituciones financieras internacionales y entidades globales relevantes, para incrementar el n\u00famero de actores y de recursos orientados a la seguridad h\u00eddrica.<\/p>\n<p style=\"text-align: justify;\">Estas iniciativas forman parte del objetivo de CAF de convertirse en el banco verde de Am\u00e9rica Latina y el Caribe, que implicar\u00e1 un financiamiento por $us 25.000 millones en operaciones verdes, que ayuden a incrementar la resiliencia clim\u00e1tica, la preservaci\u00f3n de la biodiversidad, la restauraci\u00f3n de los ecosistemas naturales, y la promoci\u00f3n de la transici\u00f3n energ\u00e9tica en la regi\u00f3n.<\/p>\n","protected":false},"excerpt":{"rendered":"<p>En la actualidad, m\u00e1s de un cuarto de la poblaci\u00f3n mundial (2 mil millones de personas) carece de acceso a agua segura y la mitad (3,6 mil millones) vive sin saneamiento. Adem\u00e1s, cerca del 66 por ciento de las aguas residuales son vertidas al ambiente sin tratamiento. En tanto, en Am\u00e9rica Latina y el Caribe, [&hellip;]<\/p>\n","protected":false},"author":4,"featured_media":46594,"comment_status":"open","ping_status":"closed","sticky":false,"template":"","format":"standard","meta":{"footnotes":""},"categories":[25],"tags":[],"class_list":{"0":"post-46593","1":"post","2":"type-post","3":"status-publish","4":"format-standard","5":"has-post-thumbnail","7":"category-economia"},"_links":{"self":[{"href":"https:\/\/jms.com.bo\/mediamonitor\/wp-json\/wp\/v2\/posts\/46593","targetHints":{"allow":["GET"]}}],"collection":[{"href":"https:\/\/jms.com.bo\/mediamonitor\/wp-json\/wp\/v2\/posts"}],"about":[{"href":"https:\/\/jms.com.bo\/mediamonitor\/wp-json\/wp\/v2\/types\/post"}],"author":[{"embeddable":true,"href":"https:\/\/jms.com.bo\/mediamonitor\/wp-json\/wp\/v2\/users\/4"}],"replies":[{"embeddable":true,"href":"https:\/\/jms.com.bo\/mediamonitor\/wp-json\/wp\/v2\/comments?post=46593"}],"version-history":[{"count":0,"href":"https:\/\/jms.com.bo\/mediamonitor\/wp-json\/wp\/v2\/posts\/46593\/revisions"}],"wp:featuredmedia":[{"embeddable":true,"href":"https:\/\/jms.com.bo\/mediamonitor\/wp-json\/wp\/v2\/media\/46594"}],"wp:attachment":[{"href":"https:\/\/jms.com.bo\/mediamonitor\/wp-json\/wp\/v2\/media?parent=46593"}],"wp:term":[{"taxonomy":"category","embeddable":true,"href":"https:\/\/jms.com.bo\/mediamonitor\/wp-json\/wp\/v2\/categories?post=46593"},{"taxonomy":"post_tag","embeddable":true,"href":"https:\/\/jms.com.bo\/mediamonitor\/wp-json\/wp\/v2\/tags?post=46593"}],"curies":[{"name":"wp","href":"https:\/\/api.w.org\/{rel}","templated":true}]}}