{"id":46670,"date":"2023-03-27T06:00:07","date_gmt":"2023-03-27T10:00:07","guid":{"rendered":"https:\/\/jms.com.bo\/mediamonitor\/2023\/03\/27\/vacunacion-anticovid-es-muy-baja-pese-a-que-se-viene-una-septima-ola-en-mayo\/"},"modified":"2023-03-27T06:00:07","modified_gmt":"2023-03-27T10:00:07","slug":"vacunacion-anticovid-es-muy-baja-pese-a-que-se-viene-una-septima-ola-en-mayo","status":"publish","type":"post","link":"https:\/\/jms.com.bo\/mediamonitor\/2023\/03\/27\/vacunacion-anticovid-es-muy-baja-pese-a-que-se-viene-una-septima-ola-en-mayo\/","title":{"rendered":"Vacunaci\u00f3n anticovid es muy baja pese a que se viene una s\u00e9ptima ola en mayo"},"content":{"rendered":"<p style=\"text-align: justify;\">El esquema completo de vacunaci\u00f3n con la aplicaci\u00f3n de la tercera dosis s\u00f3lo lleg\u00f3 al 32% de la poblaci\u00f3n mayor de 18 a\u00f1os en el pa\u00eds. Expertos la consideran \u201cmuy baja\u201d para enfrentar una s\u00e9ptima ola prevista para mayo. Pese a ello, el Gobierno inform\u00f3 que el porcentaje de letalidad es muy bajo y habla de reducir las medidas de bioseguridad.<\/p>\n<p style=\"text-align: justify;\">\u201cLa soluci\u00f3n para superar la pandemia es la vacunaci\u00f3n. Considerando que el esquema completo es de tres dosis, debemos reconocer que a\u00fan estamos bajos, pero la contenci\u00f3n de la enfermedad no s\u00f3lo se dio en Bolivia, sino en todos los pa\u00edses del mundo. La vacuna fren\u00f3 el covid y lo convirti\u00f3 en una enfermedad end\u00e9mica\u201d, explic\u00f3 a P\u00e1gina Siete Guillermo Cuentas, exministro de Salud.<\/p>\n<p style=\"text-align: justify;\">Seg\u00fan datos del Ministerio de Salud, los departamentos con menor nivel de vacunaci\u00f3n son Beni con el 19%; Potos\u00ed con el 27%; Pando y Oruro con el 30%, cada uno. Pero, los niveles de aplicaci\u00f3n de la primera dosis ascienden al 85% a nivel nacional y un 13% de dosis \u00fanica. Eso quiere decir que alrededor del 98% de los bolivianos tienen, al menos, una dosis en su esquema.<\/p>\n<p style=\"text-align: justify;\">El Ministerio de Salud report\u00f3 que en el pico de la quinta ola, que se vivi\u00f3 a mediados del a\u00f1o pasado, hubo m\u00e1s de 34 mil casos por semana. Esta cifra baj\u00f3 casi a la mitad en la sexta ola al llegar a los 16 mil positivos en diciembre de 2022. Ahora inform\u00f3 que el pa\u00eds tiene los niveles m\u00e1s bajos de contagio de toda la pandemia con 500 contagios la anterior semana y destac\u00f3 los bajos niveles de letalidad.<\/p>\n<p style=\"text-align: justify;\">\u201cA pesar de tener mayor cantidad de casos, tuvimos menos decesos y eso debemos transmitir a la gente. Si bien es dif\u00edcil evitar el contagio de una enfermedad, lo importante es evitar decesos\u201d, dijo. Por ejemplo, el nivel de letalidad baj\u00f3 del 6% de la primera ola a 0,1% en la pasada. Es decir que las muertes bajaron de 85.511 en la primera ola a 128 decesos en la sexta ola.<\/p>\n<p style=\"text-align: justify;\">\u201cLas vacunas siguen disponibles, ya no en lugares masivos, sino en los centros de salud m\u00e1s cercanos. Debemos trabajar y prepararnos para la \u00e9poca de fr\u00edo. Autorizamos hace una semana la aplicaci\u00f3n de la vacuna contra la influenza. Todos los pacientes pueden buscar esta vacuna que les brindar\u00e1 la inmunidad necesaria\u201d, agreg\u00f3 Auza.<\/p>\n<p style=\"text-align: justify;\">Ante los niveles bajos de contagios y decesos, Auza dijo que si el pa\u00eds alcanza los niveles m\u00e1s bajos que se presentaron entre una ola y otra, se podr\u00eda asumir nuevas medidas. \u201cNos sentaremos con el Consejo Nacional de Estrategia Sanitaria y analizaremos la posibilidad de flexibilizar m\u00e1s (medidas) y determinar la eliminaci\u00f3n de la emergencia\u201d, afirm\u00f3.<\/p>\n<p style=\"text-align: justify;\">El director del Servicio Departamental de Salud (Sedes) de La Paz, Prisley Rivero, asegur\u00f3 que una nueva ola se acerca. \u201cHay que prever que, seg\u00fan estudios, la s\u00e9ptima ola se est\u00e1 proyectando para mayo. La principal medida de cuidado es la vacunaci\u00f3n. Con eso vamos a continuar trabajando y vamos a insistir en ello\u201d, precis\u00f3.<\/p>\n<p style=\"text-align: justify;\">\u201cSi queremos dejar el barbijo \u2013agreg\u00f3 el profesional- y queremos desarrollar una vida normal como la que ten\u00edamos antes, debemos priorizar la vacunaci\u00f3n. Vamos a recomendar a la poblaci\u00f3n que la principal medida de bioseguridad (para evitar s\u00edntomas graves de la enfermedad) es la vacunaci\u00f3n. De ser as\u00ed, nosotros con todo gusto, desde el Sedes La Paz, pediremos que se deje de usar el barbijo\u201d.<\/p>\n<p style=\"text-align: justify;\">Jorge G\u00f3mez, exdirector del Servicio Departamental de Salud (Sedes) de Beni, dijo que la aplicaci\u00f3n de la tercera dosis es muy baja por la confianza que tiene la poblaci\u00f3n. \u201cLa gente, con la primera, la segunda dosis y los niveles reducidos de contagio se sinti\u00f3 protegida y dej\u00f3 de lado la responsabilidad de aplicarse la tercera dosis. Adem\u00e1s, las autoridades dejaron de incentivar a la vacunaci\u00f3n; y no hay una respuesta de parte de la gente\u201d.<\/p>\n<p style=\"text-align: justify;\">Por ejemplo, G\u00f3mez mencion\u00f3 que los casos de coqueluche comenzaron a subir porque la poblaci\u00f3n no se vacun\u00f3. \u201cParece que el movimiento antivacunas se est\u00e1 enraizando no s\u00f3lo en Beni, sino en toda Bolivia. Eso nos trae perjuicios\u201d, a\u00f1adi\u00f3.<\/p>\n<p style=\"text-align: justify;\">\u00bfPero qu\u00e9 podr\u00eda pasar con una nueva ola? G\u00f3mez dijo que en la primera ola de la pandemia en Beni \u201cse infect\u00f3 un 90%\u201d de su poblaci\u00f3n. \u201cMe atrever\u00eda a decir que al final se logr\u00f3 cierto nivel de inmunidad de reba\u00f1o. Esto nos est\u00e1 dando cierta sensaci\u00f3n de bienestar, pero a la larga, dependiendo de las mutaciones que pueda tener el virus, nos podr\u00eda ser perjudicial\u201d.<\/p>\n<p style=\"text-align: justify;\">Compar\u00f3 el covid con la influenza e indic\u00f3 que para combatir esta enfermedad se debe distribuir vacunas anuales que combaten las nuevas cepas. \u201cCreo que a la larga esto suceder\u00e1 con el covid, ver qu\u00e9 cepa est\u00e1 saliendo, analizar c\u00f3mo podemos enfrentarla y hacer una vacunaci\u00f3n estacional. A la larga, eso va a suceder no s\u00f3lo en Bolivia, sino en el mundo\u201d.<\/p>\n<p style=\"text-align: justify;\">El m\u00e9dico mencion\u00f3 que ahora se dej\u00f3 de usar el barbijo incluso en ambientes cerrados. \u201cSi sacamos el factor de inmunidad de reba\u00f1o, (Beni) puede ser una de las regiones del pa\u00eds que tiene la mayor cantidad de casos. Si no fuera as\u00ed, si la inmunidad de reba\u00f1o funciona como deber\u00eda ser, no va a representar un golpe fuerte en la poblaci\u00f3n\u201d, sostuvo.<\/p>\n<p style=\"text-align: justify;\">El director de la Organizaci\u00f3n Panamericana de la Salud (OPS), Jarbas Barbosa, pidi\u00f3 a los pa\u00edses que refuercen la vigilancia y subsanen las deficiencias en cobertura de vacunaci\u00f3n contra el covid para terminar con la emergencia y prepararse mejor para futuras crisis sanitarias.<\/p>\n<p style=\"text-align: justify;\">\u201cLa Covid-19 puso de relieve que ning\u00fan pa\u00eds u organizaci\u00f3n del mundo estaba plenamente preparado para el impacto de esta pandemia\u201d, afirm\u00f3 Barbosa, durante una rueda de prensa la anterior semana. Esto incluye a las Am\u00e9ricas, una regi\u00f3n \u201cmarcada por las inequidades\u201d, dijo el especialista.<\/p>\n<p style=\"text-align: justify;\">Actualmente, la tasa de incidencia (es decir el n\u00famero de casos nuevos) del covid es entre 20 y 30 veces inferior a la de hace un a\u00f1o, pero \u201caunque no estamos totalmente fuera de peligro, estamos en un lugar mucho mejor\u201d, a\u00f1adi\u00f3.<\/p>\n<p style=\"text-align: justify;\">A pesar de estos avances, Barbosa advirti\u00f3 que \u201cla Covid-19 todav\u00eda est\u00e1 con nosotros y el virus a\u00fan tiene que establecerse en un patr\u00f3n predecible\u201d.<\/p>\n<p style=\"text-align: justify;\">\u201cEn el \u00faltimo mes, hemos visto m\u00e1s de 1,5 millones de nuevos casos y 17.000 muertes\u201d, dijo. \u201cNo podemos bajar la guardia\u201d, agreg\u00f3.<\/p>\n<p style=\"text-align: justify;\">Adem\u00e1s, Barbosa advirti\u00f3 que aunque las tasas de detecci\u00f3n han disminuido, es crucial que los pa\u00edses mantengan y sigan reforzando la vigilancia, ya que el virus SARS-CoV-2 \u201cpuede evolucionar y adaptarse r\u00e1pidamente\u201d.<\/p>\n<p style=\"text-align: justify;\">$!Vacunaci\u00f3n anticovid es muy baja pese a que se viene una s\u00e9ptima ola en mayo<br \/>\n\u201cConsiderando que el esquema completo es de tres dosis, debemos reconocer que a\u00fan tenemos niveles bajos\u201d.<br \/>\nGuillermo Cuentas, exministro de Salud<br \/>\nLa pandemia<\/p>\n<p style=\"text-align: justify;\">Registro. El Ministerio de Salud report\u00f3 que 1,2 millones de personas contrajeron la enfermedad en seis olas. De ellos, 1,1 millones se recuperaron y por el momento hay 9.886 casos activos.<\/p>\n<p style=\"text-align: justify;\">Vacunas. La vacunaci\u00f3n anticovid en Bolivia alcanza, hasta la fecha, a 15,8 millones de dosis aplicadas, entre la primera, segunda, tercera, unidosis y cuarta dosis a los diferentes grupos etarios de las vacunas Sputnik V, AstraZeneca, Sinopharm, Pfizer y Janssen en el pa\u00eds. Las vacunas anticovid gestionadas y adquiridas por el Gobierno nacional alcanzan 23,8 millones de dosis.<\/p>\n<p style=\"text-align: justify;\">Para la tercera dosis s\u00f3lo se debe llevar el carnet del ni\u00f1o<\/p>\n<p style=\"text-align: justify;\">De los menores en edad escolar en el pa\u00eds, es decir entre los cinco y 17 a\u00f1os, s\u00f3lo el 37% recibi\u00f3 su segunda dosis de la vacuna contra el covid.<\/p>\n<p style=\"text-align: justify;\">Expertos advierten que no existe un alto nivel de contagios en este grupo infantil, porque el resto de la poblaci\u00f3n ya tiene al menos una vacuna y porque el virus ya no est\u00e1 circulando con m\u00e1s intensidad como en las anteriores olas de la pandemia.<\/p>\n","protected":false},"excerpt":{"rendered":"<p>El esquema completo de vacunaci\u00f3n con la aplicaci\u00f3n de la tercera dosis s\u00f3lo lleg\u00f3 al 32% de la poblaci\u00f3n mayor de 18 a\u00f1os en el pa\u00eds. Expertos la consideran \u201cmuy baja\u201d para enfrentar una s\u00e9ptima ola prevista para mayo. Pese a ello, el Gobierno inform\u00f3 que el porcentaje de letalidad es muy bajo y habla [&hellip;]<\/p>\n","protected":false},"author":4,"featured_media":46671,"comment_status":"open","ping_status":"closed","sticky":false,"template":"","format":"standard","meta":{"footnotes":""},"categories":[53],"tags":[],"class_list":{"0":"post-46670","1":"post","2":"type-post","3":"status-publish","4":"format-standard","5":"has-post-thumbnail","7":"category-salud"},"_links":{"self":[{"href":"https:\/\/jms.com.bo\/mediamonitor\/wp-json\/wp\/v2\/posts\/46670","targetHints":{"allow":["GET"]}}],"collection":[{"href":"https:\/\/jms.com.bo\/mediamonitor\/wp-json\/wp\/v2\/posts"}],"about":[{"href":"https:\/\/jms.com.bo\/mediamonitor\/wp-json\/wp\/v2\/types\/post"}],"author":[{"embeddable":true,"href":"https:\/\/jms.com.bo\/mediamonitor\/wp-json\/wp\/v2\/users\/4"}],"replies":[{"embeddable":true,"href":"https:\/\/jms.com.bo\/mediamonitor\/wp-json\/wp\/v2\/comments?post=46670"}],"version-history":[{"count":0,"href":"https:\/\/jms.com.bo\/mediamonitor\/wp-json\/wp\/v2\/posts\/46670\/revisions"}],"wp:featuredmedia":[{"embeddable":true,"href":"https:\/\/jms.com.bo\/mediamonitor\/wp-json\/wp\/v2\/media\/46671"}],"wp:attachment":[{"href":"https:\/\/jms.com.bo\/mediamonitor\/wp-json\/wp\/v2\/media?parent=46670"}],"wp:term":[{"taxonomy":"category","embeddable":true,"href":"https:\/\/jms.com.bo\/mediamonitor\/wp-json\/wp\/v2\/categories?post=46670"},{"taxonomy":"post_tag","embeddable":true,"href":"https:\/\/jms.com.bo\/mediamonitor\/wp-json\/wp\/v2\/tags?post=46670"}],"curies":[{"name":"wp","href":"https:\/\/api.w.org\/{rel}","templated":true}]}}