{"id":46672,"date":"2023-03-27T06:01:53","date_gmt":"2023-03-27T10:01:53","guid":{"rendered":"https:\/\/jms.com.bo\/mediamonitor\/2023\/03\/27\/dengue-grave-cobra-la-vida-de-una-pequena-de-cuatro-anos-en-concepcion\/"},"modified":"2023-03-27T06:01:53","modified_gmt":"2023-03-27T10:01:53","slug":"dengue-grave-cobra-la-vida-de-una-pequena-de-cuatro-anos-en-concepcion","status":"publish","type":"post","link":"https:\/\/jms.com.bo\/mediamonitor\/2023\/03\/27\/dengue-grave-cobra-la-vida-de-una-pequena-de-cuatro-anos-en-concepcion\/","title":{"rendered":"Dengue grave cobra la vida de una peque\u00f1a de cuatro a\u00f1os, en Concepci\u00f3n"},"content":{"rendered":"<p style=\"text-align: justify;\">El dengue vuelve a vestir de luto a una familia concepcione\u00f1a. Esta vez la v\u00edctima es una infante de cuatro a\u00f1os, que falleci\u00f3 la madrugada del viernes en el hospital de tercer nivel de Montero, con todos los s\u00edntomas de dengue hemorr\u00e1gico.<\/p>\n<p style=\"text-align: justify;\">La ni\u00f1a vomitaba sangre y permaneci\u00f3 tres d\u00edas en terapia intensiva antes de fallecer por un paro cardiorrespiratorio, afirm\u00f3 su padre Roly Rojas.<\/p>\n<p style=\"text-align: justify;\">El certificado de defunci\u00f3n, se\u00f1ala como causa de la muerte: \u201cdengue grave\u201d, aunque el examen de laboratorio en Cenetrop deber\u00e1 confirmar o descartar ese extremo.<\/p>\n<p style=\"text-align: justify;\">La familia, vive en la zona 5 de Concepci\u00f3n, cerca del barrio La Laguna y se hab\u00eda trasladado a Montero, el pasado s\u00e1bado para pasar el D\u00eda del Padre.<\/p>\n<p style=\"text-align: justify;\">Alicia Barba, dijo que su hija viaj\u00f3 a Montero ya con s\u00edntomas de un resfriado, pero todo se complic\u00f3 el domingo.<\/p>\n<p style=\"text-align: justify;\">\u201cElla se contagi\u00f3 en Concepci\u00f3n, pero cre\u00edamos que era una gripe simple, que parec\u00eda controlada. Todo pas\u00f3 muy r\u00e1pido. Vi c\u00f3mo mi hija botaba sangre por la boca, por la nariz y hasta por las sondas\u201d, dijo entre llanto.<\/p>\n<p style=\"text-align: justify;\">El cuerpo de la menor fue trasladado, el viernes, a Concepci\u00f3n para ser velado en su domicilio ante el dolor de la familia y vecinos.<\/p>\n<p style=\"text-align: justify;\">Los padres piden a las autoridades de salud realizar el bloqueo epidemiol\u00f3gico de la zona para evitar nuevos contagios.<\/p>\n<p style=\"text-align: justify;\">Tambi\u00e9n solicitan colaboraci\u00f3n a la poblaci\u00f3n, pues la familia, que es de escasos recursos econ\u00f3micos, gast\u00f3 hasta el \u00faltimo centavo y tiene otros cuatro hijos que mantener. Para quienes quieran ayudar con sus aportes, pueden llamar al 634-92803.<\/p>\n<p style=\"text-align: justify;\">La muerte de la peque\u00f1a es el segundo caso con caracter\u00edsticas similares, de s\u00edntomas de dengue, que se registra en el municipio de Concepci\u00f3n. Hace poco tambi\u00e9n muri\u00f3 un menor, cuando era trasladado en ambulancia a la ciudad de Santa Cruz.<\/p>\n","protected":false},"excerpt":{"rendered":"<p>El dengue vuelve a vestir de luto a una familia concepcione\u00f1a. Esta vez la v\u00edctima es una infante de cuatro a\u00f1os, que falleci\u00f3 la madrugada del viernes en el hospital de tercer nivel de Montero, con todos los s\u00edntomas de dengue hemorr\u00e1gico. La ni\u00f1a vomitaba sangre y permaneci\u00f3 tres d\u00edas en terapia intensiva antes de [&hellip;]<\/p>\n","protected":false},"author":4,"featured_media":46673,"comment_status":"open","ping_status":"closed","sticky":false,"template":"","format":"standard","meta":{"footnotes":""},"categories":[53],"tags":[],"class_list":{"0":"post-46672","1":"post","2":"type-post","3":"status-publish","4":"format-standard","5":"has-post-thumbnail","7":"category-salud"},"_links":{"self":[{"href":"https:\/\/jms.com.bo\/mediamonitor\/wp-json\/wp\/v2\/posts\/46672","targetHints":{"allow":["GET"]}}],"collection":[{"href":"https:\/\/jms.com.bo\/mediamonitor\/wp-json\/wp\/v2\/posts"}],"about":[{"href":"https:\/\/jms.com.bo\/mediamonitor\/wp-json\/wp\/v2\/types\/post"}],"author":[{"embeddable":true,"href":"https:\/\/jms.com.bo\/mediamonitor\/wp-json\/wp\/v2\/users\/4"}],"replies":[{"embeddable":true,"href":"https:\/\/jms.com.bo\/mediamonitor\/wp-json\/wp\/v2\/comments?post=46672"}],"version-history":[{"count":0,"href":"https:\/\/jms.com.bo\/mediamonitor\/wp-json\/wp\/v2\/posts\/46672\/revisions"}],"wp:featuredmedia":[{"embeddable":true,"href":"https:\/\/jms.com.bo\/mediamonitor\/wp-json\/wp\/v2\/media\/46673"}],"wp:attachment":[{"href":"https:\/\/jms.com.bo\/mediamonitor\/wp-json\/wp\/v2\/media?parent=46672"}],"wp:term":[{"taxonomy":"category","embeddable":true,"href":"https:\/\/jms.com.bo\/mediamonitor\/wp-json\/wp\/v2\/categories?post=46672"},{"taxonomy":"post_tag","embeddable":true,"href":"https:\/\/jms.com.bo\/mediamonitor\/wp-json\/wp\/v2\/tags?post=46672"}],"curies":[{"name":"wp","href":"https:\/\/api.w.org\/{rel}","templated":true}]}}