{"id":46674,"date":"2023-03-27T06:03:30","date_gmt":"2023-03-27T10:03:30","guid":{"rendered":"https:\/\/jms.com.bo\/mediamonitor\/2023\/03\/27\/el-esperado-hospital-de-montero-habilitara-hasta-abril-el-65-de-su-capacidad\/"},"modified":"2023-03-27T06:03:30","modified_gmt":"2023-03-27T10:03:30","slug":"el-esperado-hospital-de-montero-habilitara-hasta-abril-el-65-de-su-capacidad","status":"publish","type":"post","link":"https:\/\/jms.com.bo\/mediamonitor\/2023\/03\/27\/el-esperado-hospital-de-montero-habilitara-hasta-abril-el-65-de-su-capacidad\/","title":{"rendered":"El esperado hospital de Montero habilitar\u00e1 hasta abril el 65% de su capacidad"},"content":{"rendered":"<p style=\"text-align: justify;\">Dos a\u00f1os despu\u00e9s de su construcci\u00f3n, el hospital de tercer nivel de Montero abri\u00f3 sus puertas a la poblaci\u00f3n y avanza en la implementaci\u00f3n de sus servicios a fin de alcanzar hasta dentro de 30 d\u00edas una funcionalidad del 65%, con 105 camas habilitadas, de las 203 de su capacidad.<\/p>\n<p style=\"text-align: justify;\">El hospital comenz\u00f3 a funcionar el 9 de noviembre de 2022, con la puesta en marcha de la etapa 1-A del plan de implementaci\u00f3n, que contempl\u00f3 la habilitaci\u00f3n de los servicios de consulta externa; terapia intensiva, con 12 camas; internaci\u00f3n, con 20 camas; y de los servicios de apoyo, como laboratorio, farmacia, rayos x y tomograf\u00eda, las 24 horas.<\/p>\n<p style=\"text-align: justify;\">El 14 de febrero se inaugur\u00f3 el servicio de quir\u00f3fano y la dotaci\u00f3n de 100 de \u00edtems el 24 de febrero permiti\u00f3 avanzar en la implementaci\u00f3n de la etapa 1-B, con habilitaci\u00f3n del bloque quir\u00fargico, con 35 camas; del servicio de pediatr\u00eda, con 15 camas; de la unidad de terapia intermedia pedi\u00e1trica, y del servicio de gineco-obstetricia, llegando hasta la fecha a un 55% de su capacidad. Hasta abril se espera alcanzar el 65%, con la habilitaci\u00f3n de los servicios de emergencias y de di\u00e1lisis, con 12 unidades.<\/p>\n<p style=\"text-align: justify;\">Posteriormente, se tiene previsto implementar de forma progresiva las etapas 2 y 3 para llegar hasta 2024 con el 100% de su capacidad.<br \/>\nEl hospital tiene una imponente infraestructura, de tres plantas, y cuenta equipos modernos, entre ellos un tom\u00f3grafo y un acelerador lineal.<\/p>\n<p style=\"text-align: justify;\">El director m\u00e9dico, Daniel Mamani, destaca que el hospital recibe pacientes derivados de todo el Norte Integrado, es decir, atiende a las provincias Warnes, Obispo Santistevan, Ichilo y Sara. Sin embargo, tambi\u00e9n han recibido pacientes de la Chiquitania, de los Valles cruce\u00f1os, de la capital cruce\u00f1a e, incluso, de Cochabamba.<\/p>\n<p style=\"text-align: justify;\">Resalta que la habilitaci\u00f3n de los servicios de terapia intensiva, cirug\u00eda y traumatolog\u00eda vienen a cubrir las necesidades de la zona, considerando el perfil epidemiol\u00f3gico de este sector que tiene un \u00edndice elevado de accidentes de tr\u00e1nsito. Lo mismo sucede con la incidencia del c\u00e1ncer. \u201cSomos el segundo hospital p\u00fablico de Santa Cruz en contar con un acelerador lineal\u201d, se\u00f1al\u00f3 al manifestar que la atenci\u00f3n del c\u00e1ncer est\u00e1 prevista para la segunda etapa de implementaci\u00f3n de los servicios.<\/p>\n<p style=\"text-align: justify;\">Hasta el momento este nosocomio ha atendido a 32 pacientes con dengue, con signos de alarma, que tambi\u00e9n fueron referidos desde otros centros.<\/p>\n<p style=\"text-align: justify;\">La habilitaci\u00f3n de este hospital fue esperada por dos a\u00f1os, dado que no se completaban los tr\u00e1mites para que tanto el Ministerio de Salud como la Gobernaci\u00f3n dispongan de los recursos para la contrataci\u00f3n del personal. Tambi\u00e9n hubo demoras en la entrega de la infraestructura y el equipamiento que se hizo bajo la modalidad de llave en mano, lo que llev\u00f3 siete a\u00f1os.<\/p>\n<p style=\"text-align: justify;\">Dotaci\u00f3n<\/p>\n<p style=\"text-align: justify;\">Durante la entrega de los 100 \u00edtems para este hospital, el ministro de Salud, Jeyson Auza, destac\u00f3 que permitir\u00e1 seguir ampliando los servicios para una atenci\u00f3n las 24 horas. Esos \u00edtems se sumaron a los 147 cargos que fueron entregados en la gesti\u00f3n 2022.<\/p>\n<p style=\"text-align: justify;\">Por su parte, Roberto Lino, gerente del hospital, se\u00f1ala que el proceso de habilitaci\u00f3n demandar\u00e1 tres a\u00f1os. El 9 de noviembre de 2022 recibieron al primer paciente y en abril tienen previsto poner en funcionamiento el servicio de emergencia y el de hemodi\u00e1lisis, con lo que ampliar\u00e1n m\u00e1s las atenciones.<\/p>\n<p style=\"text-align: justify;\">Hace dos semanas, una mujer referida del municipio de San Carlos fue la primera en tener un parto por ces\u00e1rea en este establecimiento de salud.<\/p>\n<p style=\"text-align: justify;\">El gerente se\u00f1ala que el hospital en este momento cuenta con m\u00e1s de 200 m\u00e9dicos dependientes del Ministerio de Salud y la Gobernaci\u00f3n se hace cargo de la parte administrativa. Adem\u00e1s, el Gobierno se encarga de destinar recursos para cubrir 14 partidas presupuestarias, entre las que est\u00e1 la compra de medicamentos y el pago de servicios b\u00e1sicos.<\/p>\n<p style=\"text-align: justify;\">Con recursos de la Gobernaci\u00f3n se pagan los sueldos de los administrativos y se compra algunos equipos que faltan. Adem\u00e1s, se est\u00e1 adquiriendo una ambulancia.<\/p>\n<p style=\"text-align: justify;\">Por otro lado, dijo que se est\u00e1 capacitando personal para la habilitaci\u00f3n de la \u00faltima fase, que contempla servicios con el acelerador lineal y cirug\u00edas oncol\u00f3gicas<\/p>\n","protected":false},"excerpt":{"rendered":"<p>Dos a\u00f1os despu\u00e9s de su construcci\u00f3n, el hospital de tercer nivel de Montero abri\u00f3 sus puertas a la poblaci\u00f3n y avanza en la implementaci\u00f3n de sus servicios a fin de alcanzar hasta dentro de 30 d\u00edas una funcionalidad del 65%, con 105 camas habilitadas, de las 203 de su capacidad. El hospital comenz\u00f3 a funcionar [&hellip;]<\/p>\n","protected":false},"author":4,"featured_media":46675,"comment_status":"open","ping_status":"closed","sticky":false,"template":"","format":"standard","meta":{"footnotes":""},"categories":[53],"tags":[],"class_list":{"0":"post-46674","1":"post","2":"type-post","3":"status-publish","4":"format-standard","5":"has-post-thumbnail","7":"category-salud"},"_links":{"self":[{"href":"https:\/\/jms.com.bo\/mediamonitor\/wp-json\/wp\/v2\/posts\/46674","targetHints":{"allow":["GET"]}}],"collection":[{"href":"https:\/\/jms.com.bo\/mediamonitor\/wp-json\/wp\/v2\/posts"}],"about":[{"href":"https:\/\/jms.com.bo\/mediamonitor\/wp-json\/wp\/v2\/types\/post"}],"author":[{"embeddable":true,"href":"https:\/\/jms.com.bo\/mediamonitor\/wp-json\/wp\/v2\/users\/4"}],"replies":[{"embeddable":true,"href":"https:\/\/jms.com.bo\/mediamonitor\/wp-json\/wp\/v2\/comments?post=46674"}],"version-history":[{"count":0,"href":"https:\/\/jms.com.bo\/mediamonitor\/wp-json\/wp\/v2\/posts\/46674\/revisions"}],"wp:featuredmedia":[{"embeddable":true,"href":"https:\/\/jms.com.bo\/mediamonitor\/wp-json\/wp\/v2\/media\/46675"}],"wp:attachment":[{"href":"https:\/\/jms.com.bo\/mediamonitor\/wp-json\/wp\/v2\/media?parent=46674"}],"wp:term":[{"taxonomy":"category","embeddable":true,"href":"https:\/\/jms.com.bo\/mediamonitor\/wp-json\/wp\/v2\/categories?post=46674"},{"taxonomy":"post_tag","embeddable":true,"href":"https:\/\/jms.com.bo\/mediamonitor\/wp-json\/wp\/v2\/tags?post=46674"}],"curies":[{"name":"wp","href":"https:\/\/api.w.org\/{rel}","templated":true}]}}