{"id":46682,"date":"2023-03-27T06:12:21","date_gmt":"2023-03-27T10:12:21","guid":{"rendered":"https:\/\/jms.com.bo\/mediamonitor\/2023\/03\/27\/maestros-dan-pausa-el-lunes-e-inician-huelga-el-martes-no-habra-clases-jueves-y-viernes\/"},"modified":"2023-03-27T06:12:21","modified_gmt":"2023-03-27T10:12:21","slug":"maestros-dan-pausa-el-lunes-e-inician-huelga-el-martes-no-habra-clases-jueves-y-viernes","status":"publish","type":"post","link":"https:\/\/jms.com.bo\/mediamonitor\/2023\/03\/27\/maestros-dan-pausa-el-lunes-e-inician-huelga-el-martes-no-habra-clases-jueves-y-viernes\/","title":{"rendered":"Maestros dan pausa el lunes e inician huelga el martes; no habr\u00e1 clases jueves y viernes"},"content":{"rendered":"<p style=\"text-align: justify;\">El magisterio realizar\u00e1 los \u00faltimos preparativos para iniciar una huelga de dirigentes en cada una de las 31 federaciones que tiene este ente sindical, ese mismo d\u00eda se iniciar\u00e1n las marchas en todo el pa\u00eds reclamando la soluci\u00f3n del conflicto al pliego de los maestros.<\/p>\n<p style=\"text-align: justify;\">\u201cEl d\u00eda martes vamos a instalar un piquete de huelga de hambre con 31 representantes de cada una de las federaciones, y tambi\u00e9n se van a instalar huelgas de hambre en cada en cada una de las regiones\u201d, inform\u00f3 el ejecutivo de los maestros de La Paz, Jos\u00e9 Luis \u00c1lvarez.<\/p>\n<p style=\"text-align: justify;\">El Gobierno y los maestros mantienen una pugna que ya dura casi dos meses en busca de una soluci\u00f3n a los reclamos de los educadores. El ministro de Educaci\u00f3n, Edgar Pary, logr\u00f3 instalar en distintas oportunidades mesas de di\u00e1logo, sin embargo, en ninguna pudo lograr desactivar la presi\u00f3n de los maestros.<\/p>\n<p style=\"text-align: justify;\">Este domingo, en la ciudad de Santa Cruz, Pary acus\u00f3 a los maestros de politizar su reivindicaci\u00f3n y dijo que en el paro y bloqueo de v\u00edas del viernes, se pudo observar a dirigentes del Comit\u00e9 C\u00edvico de Santa Cruz en esa misma labor, lo que desnaturaliz\u00f3 la movilizaci\u00f3n de sus colegas y pas\u00f3 a sindicar de pol\u00edtica la protesta del magisterio.<\/p>\n<p style=\"text-align: justify;\">Pero los maestros no se detendr\u00e1n, una vez iniciada la huelga de hambre de sus dirigentes, se aplicar\u00e1 el paro nacional y bloqueo de v\u00edas por 48 horas desde el jueves de esta semana, acompa\u00f1ar\u00e1n esa protesta con marchas en la sede de Gobierno.<\/p>\n<p style=\"text-align: justify;\">El Ejecutivo ya minimiz\u00f3 el paro de labores del viernes y dijo que s\u00f3lo el 8% de los establecimientos acat\u00f3 la medida de presi\u00f3n y tambi\u00e9n advirti\u00f3 que todos los maestros que no trabajaron ese d\u00eda tendr\u00e1n el descuento correspondiente.<\/p>\n<p style=\"text-align: justify;\">Este domingo, varios establecimientos, al menos de la sede de Gobierno, convocaron a asambleas de padres de familia en sus instalaciones para pedirles el respaldo a sus protestas, aunque muchas juntas se opusieron, comprometieron la participaci\u00f3n de los padres en las manifestaciones que inicien el martes.<\/p>\n<p style=\"text-align: justify;\">\n<p style=\"text-align: justify;\">\n","protected":false},"excerpt":{"rendered":"<p>El magisterio realizar\u00e1 los \u00faltimos preparativos para iniciar una huelga de dirigentes en cada una de las 31 federaciones que tiene este ente sindical, ese mismo d\u00eda se iniciar\u00e1n las marchas en todo el pa\u00eds reclamando la soluci\u00f3n del conflicto al pliego de los maestros. \u201cEl d\u00eda martes vamos a instalar un piquete de huelga [&hellip;]<\/p>\n","protected":false},"author":4,"featured_media":46683,"comment_status":"open","ping_status":"closed","sticky":false,"template":"","format":"standard","meta":{"footnotes":""},"categories":[49],"tags":[],"class_list":{"0":"post-46682","1":"post","2":"type-post","3":"status-publish","4":"format-standard","5":"has-post-thumbnail","7":"category-social"},"_links":{"self":[{"href":"https:\/\/jms.com.bo\/mediamonitor\/wp-json\/wp\/v2\/posts\/46682","targetHints":{"allow":["GET"]}}],"collection":[{"href":"https:\/\/jms.com.bo\/mediamonitor\/wp-json\/wp\/v2\/posts"}],"about":[{"href":"https:\/\/jms.com.bo\/mediamonitor\/wp-json\/wp\/v2\/types\/post"}],"author":[{"embeddable":true,"href":"https:\/\/jms.com.bo\/mediamonitor\/wp-json\/wp\/v2\/users\/4"}],"replies":[{"embeddable":true,"href":"https:\/\/jms.com.bo\/mediamonitor\/wp-json\/wp\/v2\/comments?post=46682"}],"version-history":[{"count":0,"href":"https:\/\/jms.com.bo\/mediamonitor\/wp-json\/wp\/v2\/posts\/46682\/revisions"}],"wp:featuredmedia":[{"embeddable":true,"href":"https:\/\/jms.com.bo\/mediamonitor\/wp-json\/wp\/v2\/media\/46683"}],"wp:attachment":[{"href":"https:\/\/jms.com.bo\/mediamonitor\/wp-json\/wp\/v2\/media?parent=46682"}],"wp:term":[{"taxonomy":"category","embeddable":true,"href":"https:\/\/jms.com.bo\/mediamonitor\/wp-json\/wp\/v2\/categories?post=46682"},{"taxonomy":"post_tag","embeddable":true,"href":"https:\/\/jms.com.bo\/mediamonitor\/wp-json\/wp\/v2\/tags?post=46682"}],"curies":[{"name":"wp","href":"https:\/\/api.w.org\/{rel}","templated":true}]}}