{"id":46684,"date":"2023-03-27T06:15:59","date_gmt":"2023-03-27T10:15:59","guid":{"rendered":"https:\/\/jms.com.bo\/mediamonitor\/2023\/03\/27\/trabajadores-de-salud-del-oncologico-levantan-el-paro-indefinido\/"},"modified":"2023-03-27T06:15:59","modified_gmt":"2023-03-27T10:15:59","slug":"trabajadores-de-salud-del-oncologico-levantan-el-paro-indefinido","status":"publish","type":"post","link":"https:\/\/jms.com.bo\/mediamonitor\/2023\/03\/27\/trabajadores-de-salud-del-oncologico-levantan-el-paro-indefinido\/","title":{"rendered":"Trabajadores de salud del Oncol\u00f3gico levantan el paro indefinido"},"content":{"rendered":"<p style=\"text-align: justify;\">Trabajadores de salud del Instituto Oncol\u00f3gico levantaron el paro indefinido, que acataban desde el pasado lunes. Esto una vez que la Gobernaci\u00f3n determin\u00f3 dejar, para ese nosocomio, el \u00edtem administrativo que demandaban.<\/p>\n<p style=\"text-align: justify;\">Janeth Escobar, secretaria ejecutiva de los Trabajadores del Hospital Oncol\u00f3gico, inform\u00f3 que despu\u00e9s de una reuni\u00f3n, efectuada la tarde de este viernes con la Gobernaci\u00f3n, se acord\u00f3 que el \u00edtem administrativo 3413 se quedar\u00e1 en el nosocomio, hasta que la Gobernaci\u00f3n derive un \u00edtem de nueva creaci\u00f3n; por ello se decidi\u00f3 levantar el paro indefinido.<\/p>\n<p style=\"text-align: justify;\">\u00abHemos logrado que el \u00edtem que est\u00e1bamos peleando se quede en el Oncol\u00f3gico, hasta que la Secretar\u00eda de Salud nos dote de un \u00edtem con fondos de la Gobernaci\u00f3n. Esta es una respuesta favorable a nuestra demanda, por lo que el paro indefinido queda suspendido\u00bb, remarc\u00f3 Escobar.<\/p>\n<p style=\"text-align: justify;\">Asimismo, la ejecutiva aclar\u00f3 que este \u00edtem no es la \u00fanica necesidad del hospital, sino que hace falta m\u00e1s personal, entre otros requerimientos, para evitar que se cierren los servicios en el Oncol\u00f3gico.<\/p>\n<p style=\"text-align: justify;\">\u00abQuiero agradecerles a las personas que apoyaron esta causa, y pedimos disculpas por las molestias, pero era una demanda justa\u00bb, manifest\u00f3 Escobar.<\/p>\n<p style=\"text-align: justify;\">El Instituto Oncol\u00f3gico suspendi\u00f3 por varios d\u00edas la atenci\u00f3n en consulta externa. Sin embargo, los tratamientos programados se realizaron de manera regular.<\/p>\n","protected":false},"excerpt":{"rendered":"<p>Trabajadores de salud del Instituto Oncol\u00f3gico levantaron el paro indefinido, que acataban desde el pasado lunes. Esto una vez que la Gobernaci\u00f3n determin\u00f3 dejar, para ese nosocomio, el \u00edtem administrativo que demandaban. Janeth Escobar, secretaria ejecutiva de los Trabajadores del Hospital Oncol\u00f3gico, inform\u00f3 que despu\u00e9s de una reuni\u00f3n, efectuada la tarde de este viernes con [&hellip;]<\/p>\n","protected":false},"author":4,"featured_media":46685,"comment_status":"open","ping_status":"closed","sticky":false,"template":"","format":"standard","meta":{"footnotes":""},"categories":[49],"tags":[],"class_list":{"0":"post-46684","1":"post","2":"type-post","3":"status-publish","4":"format-standard","5":"has-post-thumbnail","7":"category-social"},"_links":{"self":[{"href":"https:\/\/jms.com.bo\/mediamonitor\/wp-json\/wp\/v2\/posts\/46684","targetHints":{"allow":["GET"]}}],"collection":[{"href":"https:\/\/jms.com.bo\/mediamonitor\/wp-json\/wp\/v2\/posts"}],"about":[{"href":"https:\/\/jms.com.bo\/mediamonitor\/wp-json\/wp\/v2\/types\/post"}],"author":[{"embeddable":true,"href":"https:\/\/jms.com.bo\/mediamonitor\/wp-json\/wp\/v2\/users\/4"}],"replies":[{"embeddable":true,"href":"https:\/\/jms.com.bo\/mediamonitor\/wp-json\/wp\/v2\/comments?post=46684"}],"version-history":[{"count":0,"href":"https:\/\/jms.com.bo\/mediamonitor\/wp-json\/wp\/v2\/posts\/46684\/revisions"}],"wp:featuredmedia":[{"embeddable":true,"href":"https:\/\/jms.com.bo\/mediamonitor\/wp-json\/wp\/v2\/media\/46685"}],"wp:attachment":[{"href":"https:\/\/jms.com.bo\/mediamonitor\/wp-json\/wp\/v2\/media?parent=46684"}],"wp:term":[{"taxonomy":"category","embeddable":true,"href":"https:\/\/jms.com.bo\/mediamonitor\/wp-json\/wp\/v2\/categories?post=46684"},{"taxonomy":"post_tag","embeddable":true,"href":"https:\/\/jms.com.bo\/mediamonitor\/wp-json\/wp\/v2\/tags?post=46684"}],"curies":[{"name":"wp","href":"https:\/\/api.w.org\/{rel}","templated":true}]}}