{"id":46686,"date":"2023-03-27T06:17:51","date_gmt":"2023-03-27T10:17:51","guid":{"rendered":"https:\/\/jms.com.bo\/mediamonitor\/2023\/03\/27\/cobija-bajo-el-agua-y-amenazada-por-nuevo-desborde-del-rio\/"},"modified":"2023-03-27T06:17:51","modified_gmt":"2023-03-27T10:17:51","slug":"cobija-bajo-el-agua-y-amenazada-por-nuevo-desborde-del-rio","status":"publish","type":"post","link":"https:\/\/jms.com.bo\/mediamonitor\/2023\/03\/27\/cobija-bajo-el-agua-y-amenazada-por-nuevo-desborde-del-rio\/","title":{"rendered":"Cobija bajo el agua y amenazada por nuevo desborde del r\u00edo"},"content":{"rendered":"<p style=\"text-align: justify;\">\u201cNo esper\u00e1bamos estar sufriendo nuevamente las inclemencias del tiempo ni los efectos del llenado del r\u00edo Acre\u201d, dijo a los medios de comunicaci\u00f3n Germ\u00e1n Richter, gobernador de Pando.<\/p>\n<p style=\"text-align: justify;\">La de ayer fue una jornada dif\u00edcil para los habitantes de ese departamento, que qued\u00f3 con sus calles y barrios anegados, y con el agua dentro de las viviendas en varios barrios, luego de que el r\u00edo Acre tuviera una crecida por encima de los 11 metros en Cobija, y de casi 10 metros en Bolpebra, lo que oblig\u00f3 a las autoridades a declarar la alerta roja. Asimismo, se declar\u00f3 alerta naranja para los r\u00edos Tahuamanu y Madre de Dios.<\/p>\n<p style=\"text-align: justify;\">En total, hasta las cuatro de la tarde del domingo pasado, y seg\u00fan el informe de Jos\u00e9 Andr\u00e9s Valenzuela Becerra, secretario de Planificaci\u00f3n Urbana de la Alcald\u00eda de Cobija, se contaron 99 familias afectadas, 426 personas, incluidos adultos mayores y lactantes.<\/p>\n<p style=\"text-align: justify;\">Estos damnificados fueron distribuidos en cinco albergues habilitados ante la emergencia: 22 familias se refugiaron en el Coliseo Las Petas; 18 en el Coliseo Vaca D\u00edez; 15 en el Coliseo 27 de Mayo; 21 en el Coliseo UAP; y 23 en el Huari.<\/p>\n<p style=\"text-align: justify;\">Las familias est\u00e1n siendo atendidas por especialistas m\u00e9dicos de distintos programas, que han detectado ya casos de cefaleas, amigdalitis, etc., y que los cuadros gripales se han acentuado por la \u00e9poca humeda y lluviosa.<\/p>\n<p style=\"text-align: justify;\">Sigue la amenaza<br \/>\nEl pron\u00f3stico del Servicio Nacional de Meteorolog\u00eda e Hidrolog\u00eda (Senamhi) indica que este lunes 27 de marzo continuar\u00e1n las precipitaciones, pero moderadas.<\/p>\n<p style=\"text-align: justify;\">Sin embargo, se prev\u00e9 que entre el 29 y 30 de marzo se registrar\u00e1n precipitaciones entre 60 y 90 mm, lo que podr\u00eda llevar a un nuevo desborde del r\u00edo Acre, y a otro ascenso de nivel en el Tahuamanu.<\/p>\n<p style=\"text-align: justify;\">Estas ser\u00edan las \u00faltimas precipitaciones por la transici\u00f3n del fen\u00f3meno La Ni\u00f1a, pero la advertencia de los expertos en clima es que con la llegada de El Ni\u00f1o, habr\u00e1 un periodo seco, con d\u00e9ficit de precipitaci\u00f3n en el transcurso del a\u00f1o.<\/p>\n<p style=\"text-align: justify;\">Cobija no es el \u00fanico municipio con da\u00f1os importantes, tambi\u00e9n est\u00e1n pasando por momentos duros los habitantes de las comunidades Filadelfia, que tiene afectaci\u00f3n en los caminos, y Puerto Rico, con viviendas y campos productivos da\u00f1ados.<\/p>\n<p style=\"text-align: justify;\">En el caso de Pando, expertos en meteorolog\u00eda atribuyen la inundaci\u00f3n a la saturaci\u00f3n del terreno, ya que las lluvias se vienen suscitando desde hace tiempo. En Cobija est\u00e1 lloviendo desde el jueves pasado, seg\u00fan el reporte de los corresponsales de ese municipio.<\/p>\n<p style=\"text-align: justify;\">Asimismo, las precipitaciones debieron darse en febrero, pero est\u00e1n llegando con retraso y con el calendario incierto. Esta situaci\u00f3n tambi\u00e9n incide en el comportamiento de las temperaturas, y es similar a los que ocurre en el departamento cruce\u00f1o.<\/p>\n<p style=\"text-align: justify;\">Auxilio<\/p>\n<p style=\"text-align: justify;\">El Municipio, la Gobernaci\u00f3n, la Universidad Amaz\u00f3nica de Pando, Defensa Civil y las Fuerzas Armadas se han sumado a las labores de ayuda.<\/p>\n<p style=\"text-align: justify;\">Desde el Gobierno central se han enviado 12 toneladas de ayuda que arribaron a Cobija la noche del s\u00e1bado. El ministro de Medio Ambiente y Aguas, Juan Santos Cruz, y el viceministro de Defensa Civil, Juan Carlos Calvimontes, encabezan la ayuda enviada por el ejecutivo.<\/p>\n","protected":false},"excerpt":{"rendered":"<p>\u201cNo esper\u00e1bamos estar sufriendo nuevamente las inclemencias del tiempo ni los efectos del llenado del r\u00edo Acre\u201d, dijo a los medios de comunicaci\u00f3n Germ\u00e1n Richter, gobernador de Pando. La de ayer fue una jornada dif\u00edcil para los habitantes de ese departamento, que qued\u00f3 con sus calles y barrios anegados, y con el agua dentro de [&hellip;]<\/p>\n","protected":false},"author":4,"featured_media":46687,"comment_status":"open","ping_status":"closed","sticky":false,"template":"","format":"standard","meta":{"footnotes":""},"categories":[20],"tags":[],"class_list":{"0":"post-46686","1":"post","2":"type-post","3":"status-publish","4":"format-standard","5":"has-post-thumbnail","7":"category-actualidad"},"_links":{"self":[{"href":"https:\/\/jms.com.bo\/mediamonitor\/wp-json\/wp\/v2\/posts\/46686","targetHints":{"allow":["GET"]}}],"collection":[{"href":"https:\/\/jms.com.bo\/mediamonitor\/wp-json\/wp\/v2\/posts"}],"about":[{"href":"https:\/\/jms.com.bo\/mediamonitor\/wp-json\/wp\/v2\/types\/post"}],"author":[{"embeddable":true,"href":"https:\/\/jms.com.bo\/mediamonitor\/wp-json\/wp\/v2\/users\/4"}],"replies":[{"embeddable":true,"href":"https:\/\/jms.com.bo\/mediamonitor\/wp-json\/wp\/v2\/comments?post=46686"}],"version-history":[{"count":0,"href":"https:\/\/jms.com.bo\/mediamonitor\/wp-json\/wp\/v2\/posts\/46686\/revisions"}],"wp:featuredmedia":[{"embeddable":true,"href":"https:\/\/jms.com.bo\/mediamonitor\/wp-json\/wp\/v2\/media\/46687"}],"wp:attachment":[{"href":"https:\/\/jms.com.bo\/mediamonitor\/wp-json\/wp\/v2\/media?parent=46686"}],"wp:term":[{"taxonomy":"category","embeddable":true,"href":"https:\/\/jms.com.bo\/mediamonitor\/wp-json\/wp\/v2\/categories?post=46686"},{"taxonomy":"post_tag","embeddable":true,"href":"https:\/\/jms.com.bo\/mediamonitor\/wp-json\/wp\/v2\/tags?post=46686"}],"curies":[{"name":"wp","href":"https:\/\/api.w.org\/{rel}","templated":true}]}}