{"id":46692,"date":"2023-03-27T06:23:02","date_gmt":"2023-03-27T10:23:02","guid":{"rendered":"https:\/\/jms.com.bo\/mediamonitor\/2023\/03\/27\/evo-y-arce-protagonizan-duelo-verbal-y-profundizan-la-grieta-en-el-mas\/"},"modified":"2023-03-27T06:23:02","modified_gmt":"2023-03-27T10:23:02","slug":"evo-y-arce-protagonizan-duelo-verbal-y-profundizan-la-grieta-en-el-mas","status":"publish","type":"post","link":"https:\/\/jms.com.bo\/mediamonitor\/2023\/03\/27\/evo-y-arce-protagonizan-duelo-verbal-y-profundizan-la-grieta-en-el-mas\/","title":{"rendered":"Evo y Arce protagonizan duelo verbal y profundizan la grieta en el MAS"},"content":{"rendered":"<p style=\"text-align: justify;\">El presidente Luis Arce afirm\u00f3 que \u201cno hay que tener miedo a las diferencias\u201d mientras que el l\u00edder del Movimiento Al Socialismo (MAS) Evo Morales lo acus\u00f3 de estar \u201cpor debajo dividiendo con prebendas\u201d. Incluso, el exdignatario, en broma, dijo que los funcionarios p\u00fablicos que llegaron hasta Ivirgarzama lo hicieron para gritar: \u201cLucho, Lucho\u201d a fin de \u201cno perder su trabajo\u201d.<\/p>\n<p style=\"text-align: justify;\">Ambos l\u00edderes se encontraron ayer en el tr\u00f3pico de Cochabamba para celebrar los 28 a\u00f1os de su tienda pol\u00edtica y los discursos estuvieron marcados por el distanciamiento que se cre\u00f3 entre ambos bandos. Arce comenz\u00f3 a hablar en medio de gritos de apoyo y silbatinas que fueron silenciadas con una gran cantidad de petardos lanzados en ese instante. El Presidente hizo un repaso muy breve sobre el nacimiento del MAS y su consolidaci\u00f3n como un partido de referencia hist\u00f3rica.<\/p>\n<p style=\"text-align: justify;\">\u201cPodemos tener diferencias y no hay que tener miedo a ellas. Las diferencias siempre van a existir, porque son el producto del avance del proceso dial\u00e9ctico que tiene nuestro instrumento pol\u00edtico\u201d, declar\u00f3 Luis Arce en referencia a las disputas y acusaciones que sufri\u00f3 del ala radical de su partido.<\/p>\n<p style=\"text-align: justify;\">\u201cPuede haber pluralismo ideol\u00f3gico, pluralismo de ideas (pero) tiene que haber una sola unidad ideol\u00f3gica en nuestro instrumento pol\u00edtico\u201d, y reiter\u00f3 que no puede haber \u201cdiscrepancias en lo que construimos y hacia donde vamos. Ah\u00ed est\u00e1 la unidad de nuestro instrumento pol\u00edtico. Pluralismo de ideas y unidad ideol\u00f3gica en el MAS\u201d.<\/p>\n<p style=\"text-align: justify;\">Morales comenz\u00f3 su discurso asegurando que \u201cel 2025 nuevamente vamos a ganar las elecciones\u201d. Salud\u00f3 a los masistas reunidos en el estadio de Ivirgarzama aunque reconoci\u00f3 que algunos fueron obligados. \u201cEstamos informados que algunos vienen a gritar: Lucho, Lucho, para no perder su trabajo\u201d. Inmediatamente los concurrentes comenzaron a corear: \u201c\u00a1Evo, Evo!\u201d y el expresidente reiter\u00f3: \u201cCuidado, que van a perder su trabajo\u201d.<\/p>\n<p style=\"text-align: justify;\">El canal estatal cort\u00f3 la transmisi\u00f3n del discurso de Evo para colocar la entrevista grabada del canciller Rogelio Mayta.<\/p>\n<p style=\"text-align: justify;\">Morales quiso \u201crepasar la historia\u201d y critic\u00f3 al Partido Socialista (PS1) que es el alma mater del presidente Luis Arce Catacora. \u201cPor ejemplo, Roger Cortez (militante de este partido), candidato del PS1 me dijo que el neoliberalismo es como locomotora. Si sales al frente te va a triturar y que es mejor subir a esa locomotora. Le dije que no; aunque me trituren vamos a pelear contra esa derecha, contra el neoliberalismo y los antipatrias\u201d.<\/p>\n<p style=\"text-align: justify;\">Luego record\u00f3 \u201ca muchos militantes del Partido Comunista (PC) que se fueron al MNR o al MIR. A partidos de izquierda que nunca reconocieron al movimiento ind\u00edgena. Pero de tanta lucha y marchas, simplemente dijimos: nos gobernaremos nosotros mismos\u201d<\/p>\n<p style=\"text-align: justify;\">Unidad<\/p>\n<p style=\"text-align: justify;\">\u201cDe verdad hablemos de unidad. Seguramente el hermano Lucho no informa a los ministros\u201d, declar\u00f3 Morales mientras dio la espalda a los asistentes y mir\u00f3 directamente al Presidente. \u201cA m\u00ed me duele que j\u00f3venes me muestren (estar obligados) a lanzar, a difundir en redes sociales (mensajes como): Viva Lucho, Muera Evo y s\u00f3lo as\u00ed van a recibir trabajo. Si no hacen eso (estar\u00e1n) despedidos; y los han despedido\u201d. Arce, en ese momento, sonri\u00f3 y movi\u00f3 la cabeza mirando hacia abajo para negarlo.<\/p>\n<p style=\"text-align: justify;\">\u201cHermano Lucho (continu\u00f3 Morales) le vamos a hacer llegar este documento y ojal\u00e1 puedan volver a trabajar estos j\u00f3venes\u201d y volvi\u00f3 a mirar al p\u00fablico. \u201cLa unidad no es decir: \u00e9ste es evista, fuera; este otro es luchista, dentro. Eso no es construir unidad. Creamos el programa Bolivia Cambia y convocamos a todos los alcaldes. Ahora \u00bfsaben de qu\u00e9 se quejan? Si el Alcalde luchista o choquehuanquista tienen proyectos y si es evista no tienen proyectos. Eso no es construir unidad, hermano Lucho\u201d.<\/p>\n<p style=\"text-align: justify;\">Para Morales, hablar de unidad significa \u201crespeto al estatuto del MAS\u201d. \u201cAh\u00ed veremos si hay unidad como algunos movimientos sociales piden: Convoquen a la direcci\u00f3n nacional, nunca la convocan. Entonces \u00bfde qu\u00e9 unidad hablamos? Unidad es seguir fortaleciendo ideol\u00f3gicamente, debatir otro programa\u201d. \u201cMucha unidad, les pido unidad de verdad, no s\u00f3lo hablar de unidad y porque por debajo est\u00e1n dividiendo (al partido) por prebendas. Por eso, quiero convocar a mi hermano del campo, recuperemos ser la reserva moral de la humanidad\u201d, afirm\u00f3.<\/p>\n<p style=\"text-align: justify;\">Morales volvi\u00f3 a criticar al equipo que acompa\u00f1a a Arce. \u201cLamentablemente algunos ministros no son militantes (del MAS), vienen del MNR y est\u00e1n perjudicando al hermano Lucho. Est\u00e1n destrozando al MAS\u201d.<\/p>\n<p style=\"text-align: justify;\">28<br \/>\nA\u00d1OS<br \/>\ndel Movimiento Al Socialismo (MAS) fueron celebrados ayer en Ivirgarzama.<br \/>\n\u201cPuede haber pluralismo ideol\u00f3gico, de ideas (pero) tiene que haber una sola unidad ideol\u00f3gica en nuestro instrumento pol\u00edtico\u201d.<br \/>\nLuis Arce, presidente<br \/>\n\u201cEstamos informados que algunos vienen a gritar: Lucho, Lucho, para no perder su trabajo. (Gritaron Evo) Cuidado que van a perder su trabajo\u201d.<br \/>\nEvo Morales, expresidente<br \/>\n\u201cMucha unidad (les pido), unidad de verdad, no s\u00f3lo hablar de unidad porque por debajo estar dividiendo por prebendas\u201d.<br \/>\nEvo Morales, expresidente<br \/>\n\u201cAlgunos ministros no son militantes (del MAS) vienen del MNR y est\u00e1n perjudicando al hermano Lucho. Destrozan al MAS\u201d.<br \/>\nEvo Morales, expresidente<\/p>\n","protected":false},"excerpt":{"rendered":"<p>El presidente Luis Arce afirm\u00f3 que \u201cno hay que tener miedo a las diferencias\u201d mientras que el l\u00edder del Movimiento Al Socialismo (MAS) Evo Morales lo acus\u00f3 de estar \u201cpor debajo dividiendo con prebendas\u201d. Incluso, el exdignatario, en broma, dijo que los funcionarios p\u00fablicos que llegaron hasta Ivirgarzama lo hicieron para gritar: \u201cLucho, Lucho\u201d a [&hellip;]<\/p>\n","protected":false},"author":4,"featured_media":46693,"comment_status":"open","ping_status":"closed","sticky":false,"template":"","format":"standard","meta":{"footnotes":""},"categories":[18],"tags":[],"class_list":{"0":"post-46692","1":"post","2":"type-post","3":"status-publish","4":"format-standard","5":"has-post-thumbnail","7":"category-politica"},"_links":{"self":[{"href":"https:\/\/jms.com.bo\/mediamonitor\/wp-json\/wp\/v2\/posts\/46692","targetHints":{"allow":["GET"]}}],"collection":[{"href":"https:\/\/jms.com.bo\/mediamonitor\/wp-json\/wp\/v2\/posts"}],"about":[{"href":"https:\/\/jms.com.bo\/mediamonitor\/wp-json\/wp\/v2\/types\/post"}],"author":[{"embeddable":true,"href":"https:\/\/jms.com.bo\/mediamonitor\/wp-json\/wp\/v2\/users\/4"}],"replies":[{"embeddable":true,"href":"https:\/\/jms.com.bo\/mediamonitor\/wp-json\/wp\/v2\/comments?post=46692"}],"version-history":[{"count":0,"href":"https:\/\/jms.com.bo\/mediamonitor\/wp-json\/wp\/v2\/posts\/46692\/revisions"}],"wp:featuredmedia":[{"embeddable":true,"href":"https:\/\/jms.com.bo\/mediamonitor\/wp-json\/wp\/v2\/media\/46693"}],"wp:attachment":[{"href":"https:\/\/jms.com.bo\/mediamonitor\/wp-json\/wp\/v2\/media?parent=46692"}],"wp:term":[{"taxonomy":"category","embeddable":true,"href":"https:\/\/jms.com.bo\/mediamonitor\/wp-json\/wp\/v2\/categories?post=46692"},{"taxonomy":"post_tag","embeddable":true,"href":"https:\/\/jms.com.bo\/mediamonitor\/wp-json\/wp\/v2\/tags?post=46692"}],"curies":[{"name":"wp","href":"https:\/\/api.w.org\/{rel}","templated":true}]}}