{"id":46694,"date":"2023-03-27T06:24:22","date_gmt":"2023-03-27T10:24:22","guid":{"rendered":"https:\/\/jms.com.bo\/mediamonitor\/2023\/03\/27\/el-gobierno-planteo-en-la-cumbre-iberoamericana-enfrentar-las-crisis-alimentaria-y-climatica-y-reivindico-el-masticado-de-la-hoja-de-coca\/"},"modified":"2023-03-27T06:24:22","modified_gmt":"2023-03-27T10:24:22","slug":"el-gobierno-planteo-en-la-cumbre-iberoamericana-enfrentar-las-crisis-alimentaria-y-climatica-y-reivindico-el-masticado-de-la-hoja-de-coca","status":"publish","type":"post","link":"https:\/\/jms.com.bo\/mediamonitor\/2023\/03\/27\/el-gobierno-planteo-en-la-cumbre-iberoamericana-enfrentar-las-crisis-alimentaria-y-climatica-y-reivindico-el-masticado-de-la-hoja-de-coca\/","title":{"rendered":"El Gobierno plante\u00f3 en la Cumbre Iberoamericana enfrentar las crisis alimentaria y clim\u00e1tica, y reivindic\u00f3 el \u2018masticado\u2019 de la hoja de coca"},"content":{"rendered":"<p style=\"text-align: justify;\">El canciller Rogelio Mayta destac\u00f3 que el presidente, Luis Arce, enfoc\u00f3 su atenci\u00f3n durante la Cumbre Iberoamericana en la necesidad de enfrentar la crisis clim\u00e1tica y garantizar la soberan\u00eda alimentaria en la regi\u00f3n.<\/p>\n<p style=\"text-align: justify;\">\u201cEn su intervenci\u00f3n nuestro presidente hizo referencia a la crisis del cambio clim\u00e1tico poniendo en Jake la capacidad de producci\u00f3n de alimentos en diferentes \u00e1mbitos, (\u2026) en lo que han coincidido los diversos mandatarios presentes\u201d, asegur\u00f3 al canal estatal.<\/p>\n<p style=\"text-align: justify;\">\u201cSe ha hablado mucho de lograr soberan\u00eda alimentaria, que es el concepto que nosotros manejamos, pero en definitiva es que en la regi\u00f3n iberoamericana pudi\u00e9ramos ver mecanismos que permitan que no haya hambre en nuestra regi\u00f3n\u201d.<\/p>\n<p style=\"text-align: justify;\">Otro aspecto importante para Mayta es que en la Cumbre reivindicaron el \u201cmasticado\u201d de la hoja de coca.<\/p>\n<p style=\"text-align: justify;\">Arce particip\u00f3 en la Cumbre Iberoamericana de Santo Domingo, el s\u00e1bado, donde acudieron mandatarios de 22 pa\u00edses.<\/p>\n<p style=\"text-align: justify;\">En ese marco, Arce indic\u00f3 que la Cumbre Iberoamericana se constituye en un mecanismo de concertaci\u00f3n pol\u00edtica y cooperaci\u00f3n para abordar la crisis en varias \u00e1reas, como la econ\u00f3mica y las acciones para enfrentarlas.<\/p>\n<p style=\"text-align: justify;\">El Mandatario aprovech\u00f3 para destacar los resultados positivos del modelo econ\u00f3mico boliviano, adoptado para enfrentar la crisis \u201cmultidimensional\u201d, con un fuerte papel estatal.<\/p>\n<p style=\"text-align: justify;\">\u201cCon la restauraci\u00f3n de nuestro modelo econ\u00f3mico social (\u2026), Bolivia ha retomado la senda del crecimiento econ\u00f3mico con justicia social\u201d, agreg\u00f3 el jefe del Estado.<\/p>\n","protected":false},"excerpt":{"rendered":"<p>El canciller Rogelio Mayta destac\u00f3 que el presidente, Luis Arce, enfoc\u00f3 su atenci\u00f3n durante la Cumbre Iberoamericana en la necesidad de enfrentar la crisis clim\u00e1tica y garantizar la soberan\u00eda alimentaria en la regi\u00f3n. \u201cEn su intervenci\u00f3n nuestro presidente hizo referencia a la crisis del cambio clim\u00e1tico poniendo en Jake la capacidad de producci\u00f3n de alimentos [&hellip;]<\/p>\n","protected":false},"author":4,"featured_media":46695,"comment_status":"open","ping_status":"closed","sticky":false,"template":"","format":"standard","meta":{"footnotes":""},"categories":[18],"tags":[],"class_list":{"0":"post-46694","1":"post","2":"type-post","3":"status-publish","4":"format-standard","5":"has-post-thumbnail","7":"category-politica"},"_links":{"self":[{"href":"https:\/\/jms.com.bo\/mediamonitor\/wp-json\/wp\/v2\/posts\/46694","targetHints":{"allow":["GET"]}}],"collection":[{"href":"https:\/\/jms.com.bo\/mediamonitor\/wp-json\/wp\/v2\/posts"}],"about":[{"href":"https:\/\/jms.com.bo\/mediamonitor\/wp-json\/wp\/v2\/types\/post"}],"author":[{"embeddable":true,"href":"https:\/\/jms.com.bo\/mediamonitor\/wp-json\/wp\/v2\/users\/4"}],"replies":[{"embeddable":true,"href":"https:\/\/jms.com.bo\/mediamonitor\/wp-json\/wp\/v2\/comments?post=46694"}],"version-history":[{"count":0,"href":"https:\/\/jms.com.bo\/mediamonitor\/wp-json\/wp\/v2\/posts\/46694\/revisions"}],"wp:featuredmedia":[{"embeddable":true,"href":"https:\/\/jms.com.bo\/mediamonitor\/wp-json\/wp\/v2\/media\/46695"}],"wp:attachment":[{"href":"https:\/\/jms.com.bo\/mediamonitor\/wp-json\/wp\/v2\/media?parent=46694"}],"wp:term":[{"taxonomy":"category","embeddable":true,"href":"https:\/\/jms.com.bo\/mediamonitor\/wp-json\/wp\/v2\/categories?post=46694"},{"taxonomy":"post_tag","embeddable":true,"href":"https:\/\/jms.com.bo\/mediamonitor\/wp-json\/wp\/v2\/tags?post=46694"}],"curies":[{"name":"wp","href":"https:\/\/api.w.org\/{rel}","templated":true}]}}