{"id":46706,"date":"2023-03-27T06:39:29","date_gmt":"2023-03-27T10:39:29","guid":{"rendered":"https:\/\/jms.com.bo\/mediamonitor\/2023\/03\/27\/empresa-de-electricidad-se-pronuncia-tras-la-muerte-de-un-hombre-electrocutado-en-cochabamba\/"},"modified":"2023-03-27T06:39:29","modified_gmt":"2023-03-27T10:39:29","slug":"empresa-de-electricidad-se-pronuncia-tras-la-muerte-de-un-hombre-electrocutado-en-cochabamba","status":"publish","type":"post","link":"https:\/\/jms.com.bo\/mediamonitor\/2023\/03\/27\/empresa-de-electricidad-se-pronuncia-tras-la-muerte-de-un-hombre-electrocutado-en-cochabamba\/","title":{"rendered":"Empresa de electricidad se pronuncia tras la muerte de un hombre electrocutado en Cochabamba"},"content":{"rendered":"<p style=\"text-align: justify;\">La noche del viernes, un hombre de 45 a\u00f1os perdi\u00f3 la vida tras recibir una fuerte descarga el\u00e9ctrica tras haber pisado un cable en el sector de Villa La Caba\u00f1a, zona de K\u2019ara K\u2019ara, al sur de la ciudad de la Cochabamba.<\/p>\n<p style=\"text-align: justify;\">Ante la situaci\u00f3n, la Empresa de Luz y Fuerza El\u00e9ctrica Cochabamba S.A. (ELFEC) emiti\u00f3 un comunicado este fin de semana, donde lament\u00f3 el fallecimiento del se\u00f1or Hugo Vallejos.<\/p>\n<p style=\"text-align: justify;\">\u201cUn equipo de emergencias realiz\u00f3 la atenci\u00f3n en el lugar donde sucedi\u00f3 el accidente en K\u00b4ara K\u00b4ara y evidenci\u00f3 que se trataba de un cable de servicio de telecomunicaciones (fibra \u00f3ptica) que se encontraba en contacto con el brazo de la pantalla de alumbrado p\u00fablico, dependiente del municipio de Cochabamba, motivo por el cual se habr\u00eda energizado\u201d, describe el documento.<\/p>\n<p style=\"text-align: justify;\">La empresa confirm\u00f3 que la v\u00edctima de 45 a\u00f1os falleci\u00f3 a consecuencia del contacto con un cable de fibra \u00f3ptica que se encontraba energizado.<\/p>\n<p style=\"text-align: justify;\">\u201cSe evidenci\u00f3 la presencia de dos empalmes sin aislaci\u00f3n en los chicotillos de conexi\u00f3n de alumbrado p\u00fablico, y a fin de evitar mayores riesgos se procedi\u00f3 a la desconexi\u00f3n de los mismos\u201d, agrega el comunicado<\/p>\n<p style=\"text-align: justify;\">Se conoce que tras sufrir la fuerte descarga, la v\u00edctima fue trasladada r\u00e1pidamente por esposa e hijo hasta un centro m\u00e9dico, sin embargo, termin\u00f3 falleciendo en puertas del nosocomio antes de poder ser atendido.<\/p>\n<p style=\"text-align: justify;\">Sin embargo, ELFEC aclar\u00f3 que est\u00e1n prestos a poder colaborar con la investigaci\u00f3n por la muerte de esta persona de 45 a\u00f1os.<\/p>\n<p style=\"text-align: justify;\">Por su parte, familiares y amigos de Hugo Vallejos, velan su cuerpo en la zona sur de la ciudad, donde en medio del dolor, piden que los responsables sean juzgados.<\/p>\n","protected":false},"excerpt":{"rendered":"<p>La noche del viernes, un hombre de 45 a\u00f1os perdi\u00f3 la vida tras recibir una fuerte descarga el\u00e9ctrica tras haber pisado un cable en el sector de Villa La Caba\u00f1a, zona de K\u2019ara K\u2019ara, al sur de la ciudad de la Cochabamba. Ante la situaci\u00f3n, la Empresa de Luz y Fuerza El\u00e9ctrica Cochabamba S.A. (ELFEC) [&hellip;]<\/p>\n","protected":false},"author":4,"featured_media":46707,"comment_status":"open","ping_status":"closed","sticky":false,"template":"","format":"standard","meta":{"footnotes":""},"categories":[39],"tags":[],"class_list":{"0":"post-46706","1":"post","2":"type-post","3":"status-publish","4":"format-standard","5":"has-post-thumbnail","7":"category-energia"},"_links":{"self":[{"href":"https:\/\/jms.com.bo\/mediamonitor\/wp-json\/wp\/v2\/posts\/46706","targetHints":{"allow":["GET"]}}],"collection":[{"href":"https:\/\/jms.com.bo\/mediamonitor\/wp-json\/wp\/v2\/posts"}],"about":[{"href":"https:\/\/jms.com.bo\/mediamonitor\/wp-json\/wp\/v2\/types\/post"}],"author":[{"embeddable":true,"href":"https:\/\/jms.com.bo\/mediamonitor\/wp-json\/wp\/v2\/users\/4"}],"replies":[{"embeddable":true,"href":"https:\/\/jms.com.bo\/mediamonitor\/wp-json\/wp\/v2\/comments?post=46706"}],"version-history":[{"count":0,"href":"https:\/\/jms.com.bo\/mediamonitor\/wp-json\/wp\/v2\/posts\/46706\/revisions"}],"wp:featuredmedia":[{"embeddable":true,"href":"https:\/\/jms.com.bo\/mediamonitor\/wp-json\/wp\/v2\/media\/46707"}],"wp:attachment":[{"href":"https:\/\/jms.com.bo\/mediamonitor\/wp-json\/wp\/v2\/media?parent=46706"}],"wp:term":[{"taxonomy":"category","embeddable":true,"href":"https:\/\/jms.com.bo\/mediamonitor\/wp-json\/wp\/v2\/categories?post=46706"},{"taxonomy":"post_tag","embeddable":true,"href":"https:\/\/jms.com.bo\/mediamonitor\/wp-json\/wp\/v2\/tags?post=46706"}],"curies":[{"name":"wp","href":"https:\/\/api.w.org\/{rel}","templated":true}]}}