{"id":46766,"date":"2023-03-28T06:34:43","date_gmt":"2023-03-28T10:34:43","guid":{"rendered":"https:\/\/jms.com.bo\/mediamonitor\/2023\/03\/28\/continua-el-descenso-gradual-de-casos-de-dengue-en-santa-cruz\/"},"modified":"2023-03-28T06:34:43","modified_gmt":"2023-03-28T10:34:43","slug":"continua-el-descenso-gradual-de-casos-de-dengue-en-santa-cruz","status":"publish","type":"post","link":"https:\/\/jms.com.bo\/mediamonitor\/2023\/03\/28\/continua-el-descenso-gradual-de-casos-de-dengue-en-santa-cruz\/","title":{"rendered":"Contin\u00faa el descenso gradual de casos de dengue en Santa Cruz"},"content":{"rendered":"<p style=\"font-style: inherit; font-weight: inherit; text-align: justify;\">Por tercera semana consecutiva,\u00a0<strong style=\"font-style: inherit; font-weight: 500 !important;\">Santa Cruz registra un descenso gradual de los casos de dengue<\/strong>, en solo 5 municipios la trasmisi\u00f3n de la enfermedad se encuentra en un nivel medio, de acuerdo con el reporte epidemiol\u00f3gico brindado este lunes, 27 de marzo, por el gerente de Epidemiolog\u00eda de la Gobernaci\u00f3n, Carlos Hurtado.<\/p>\n<p style=\"font-style: inherit; font-weight: inherit; text-align: justify;\"><span style=\"font-style: inherit; font-weight: inherit;\">\u201cSe han reducido los casos hasta tres veces.<strong style=\"font-style: inherit; font-weight: 500 !important;\">\u00a0<\/strong><strong style=\"font-style: inherit; font-weight: 500 !important;\">Estamos en el camino hacia el control de la enfermedad,\u00a0<\/strong>la hemos contenido en el departamento excepto en 5 municipios, donde a\u00fan hay una epidemia de transmisi\u00f3n media, pero con tendencia al descenso de casos\u201d, manifest\u00f3 Hurtado en conferencia de prensa.\u00a0<\/span><\/p>\n<p style=\"font-style: inherit; font-weight: inherit; text-align: justify;\"><span style=\"font-style: inherit; font-weight: inherit;\">Otro dato importante develado por Hurtado es que S<\/span>anta Cruz concentra el 70 por ciento de los casos<strong style=\"font-style: inherit; font-weight: 500 !important;\">\u00a0<\/strong><span style=\"font-style: inherit; font-weight: inherit;\">a nivel nacional. Hasta la fecha<strong style=\"font-style: inherit; font-weight: 500 !important;\">\u00a0se han registrado 7.406 casos distribuidos\u00a0<\/strong>en los 15 municipios, de los cuales Santa Cruz de la Sierra es el de mayor impacto en todo el departamento.\u00a0<\/span><\/p>\n<p style=\"font-style: inherit; font-weight: inherit; text-align: justify;\"><span style=\"font-style: inherit; font-weight: inherit;\">En cuanto a las muertes, el sistema de vigilancia de la Gobernaci\u00f3n\u00a0<strong style=\"font-style: inherit; font-weight: 500 !important;\">ha contabilizado 40 \u00f3bitos por causa del dengue<\/strong>\u00a0y nueve se encuentran en la fase de estudios.<\/span><\/p>\n<p style=\"font-style: inherit; font-weight: inherit; text-align: justify;\"><span style=\"font-style: inherit; font-weight: inherit;\">En cuanto a la letalidad, Hurtado indic\u00f3 que es del 0,35 por ciento y que el grupo etario m\u00e1s golpeado por el dengue son los menores de 12 a\u00f1os, donde se han registrado el 60 por ciento de los \u00f3bitos.\u00a0<\/span><\/p>\n<p style=\"font-style: inherit; font-weight: inherit; text-align: justify;\"><strong style=\"font-style: inherit; font-weight: 500 !important;\"><u>Covid-19<\/u><\/strong><\/p>\n<p style=\"font-style: inherit; font-weight: inherit; text-align: justify;\"><span style=\"font-style: inherit; font-weight: inherit;\">El Covid-19 tuvo un repunte la anterior semana, afirm\u00f3 Hurtado. Record\u00f3, adem\u00e1s, que\u00a0<strong style=\"font-style: inherit; font-weight: 500 !important;\">\u201cel Covid a\u00fan no ha terminado<\/strong>\u00a0en el departamento de Santa Cruz\u201d por lo que la poblaci\u00f3n debe acudir a los centros de vacunaci\u00f3n a colocarse la dosis de refuerzo que le falte en su esquema de vacunaci\u00f3n.\u00a0<\/span><\/p>\n<p style=\"font-style: inherit; font-weight: inherit; text-align: justify;\"><span style=\"font-style: inherit; font-weight: inherit;\">El funcionario dijo que los \u00edndices de vacunaci\u00f3n de las<strong style=\"font-style: inherit; font-weight: 500 !important;\">\u00a0dosis de refuerzo en Santa Cruz son bajos<\/strong>: 20 por ciento tiene el primer refuerzo y un 5 por ciento, el segundo refuerzo.<\/span><\/p>\n<p style=\"font-style: inherit; font-weight: inherit; text-align: justify;\"><span style=\"font-style: inherit; font-weight: 600 !important;\"><u>Otras enfermedades<\/u><\/span><\/p>\n<p style=\"font-style: inherit; font-weight: inherit; text-align: justify;\"><span style=\"font-style: inherit; font-weight: inherit;\">Actualmente<strong style=\"font-style: inherit; font-weight: 500 !important;\">\u00a0hay 10 casos activos de coqueluche y<\/strong>\u00a0est\u00e1n comprometidos cuatro municipios. En cuanto a la influenza, actualmente est\u00e1n circulando varios tipos: B, AH1N1 y\u00a0 H3N2, inform\u00f3 Hurtado.\u00a0<\/span><\/p>\n<p style=\"text-align: justify;\">Otro dato importante develado por Hurtado es que Santa Cruz concentra el 70 por ciento de los casos a nivel nacional. Hasta la fecha se han registrado 7.406 casos distribuidos en los 15 municipios, de los cuales Santa Cruz de la Sierra es el de mayor impacto en todo el departamento.<\/p>\n<p style=\"text-align: justify;\">En cuanto a las muertes, el sistema de vigilancia de la Gobernaci\u00f3n ha contabilizado 40 \u00f3bitos por causa del dengue y nueve se encuentran en la fase de estudios.<\/p>\n<p style=\"text-align: justify;\">En cuanto a la letalidad, Hurtado indic\u00f3 que es del 0,35 por ciento y que el grupo etario m\u00e1s golpeado por el dengue son los menores de 12 a\u00f1os, donde se han registrado el 60 por ciento de los \u00f3bitos.<\/p>\n<p style=\"text-align: justify;\">Covid-19<\/p>\n<p style=\"text-align: justify;\">El Covid-19 tuvo un repunte la anterior semana, afirm\u00f3 Hurtado. Record\u00f3, adem\u00e1s, que \u201cel Covid a\u00fan no ha terminado en el departamento de Santa Cruz\u201d por lo que la poblaci\u00f3n debe acudir a los centros de vacunaci\u00f3n a colocarse la dosis de refuerzo que le falte en su esquema de vacunaci\u00f3n.<\/p>\n<p style=\"text-align: justify;\">El funcionario dijo que los \u00edndices de vacunaci\u00f3n de las dosis de refuerzo en Santa Cruz son bajos: 20 por ciento tiene el primer refuerzo y un 5 por ciento, el segundo refuerzo.<\/p>\n<p style=\"text-align: justify;\">Otras enfermedades<\/p>\n<p style=\"text-align: justify;\">Actualmente hay 10 casos activos de coqueluche y est\u00e1n comprometidos cuatro municipios. En cuanto a la influenza, actualmente est\u00e1n circulando varios tipos: B, AH1N1 y H3N2, inform\u00f3 Hurtado.<\/p>\n","protected":false},"excerpt":{"rendered":"<p>Por tercera semana consecutiva,\u00a0Santa Cruz registra un descenso gradual de los casos de dengue, en solo 5 municipios la trasmisi\u00f3n de la enfermedad se encuentra en un nivel medio, de acuerdo con el reporte epidemiol\u00f3gico brindado este lunes, 27 de marzo, por el gerente de Epidemiolog\u00eda de la Gobernaci\u00f3n, Carlos Hurtado. \u201cSe han reducido los [&hellip;]<\/p>\n","protected":false},"author":4,"featured_media":46767,"comment_status":"open","ping_status":"closed","sticky":false,"template":"","format":"standard","meta":{"footnotes":""},"categories":[53],"tags":[],"class_list":{"0":"post-46766","1":"post","2":"type-post","3":"status-publish","4":"format-standard","5":"has-post-thumbnail","7":"category-salud"},"_links":{"self":[{"href":"https:\/\/jms.com.bo\/mediamonitor\/wp-json\/wp\/v2\/posts\/46766","targetHints":{"allow":["GET"]}}],"collection":[{"href":"https:\/\/jms.com.bo\/mediamonitor\/wp-json\/wp\/v2\/posts"}],"about":[{"href":"https:\/\/jms.com.bo\/mediamonitor\/wp-json\/wp\/v2\/types\/post"}],"author":[{"embeddable":true,"href":"https:\/\/jms.com.bo\/mediamonitor\/wp-json\/wp\/v2\/users\/4"}],"replies":[{"embeddable":true,"href":"https:\/\/jms.com.bo\/mediamonitor\/wp-json\/wp\/v2\/comments?post=46766"}],"version-history":[{"count":0,"href":"https:\/\/jms.com.bo\/mediamonitor\/wp-json\/wp\/v2\/posts\/46766\/revisions"}],"wp:featuredmedia":[{"embeddable":true,"href":"https:\/\/jms.com.bo\/mediamonitor\/wp-json\/wp\/v2\/media\/46767"}],"wp:attachment":[{"href":"https:\/\/jms.com.bo\/mediamonitor\/wp-json\/wp\/v2\/media?parent=46766"}],"wp:term":[{"taxonomy":"category","embeddable":true,"href":"https:\/\/jms.com.bo\/mediamonitor\/wp-json\/wp\/v2\/categories?post=46766"},{"taxonomy":"post_tag","embeddable":true,"href":"https:\/\/jms.com.bo\/mediamonitor\/wp-json\/wp\/v2\/tags?post=46766"}],"curies":[{"name":"wp","href":"https:\/\/api.w.org\/{rel}","templated":true}]}}