{"id":46768,"date":"2023-03-28T06:35:58","date_gmt":"2023-03-28T10:35:58","guid":{"rendered":"https:\/\/jms.com.bo\/mediamonitor\/2023\/03\/28\/bolivia-ya-no-reporta-casos-de-viruela-del-mono-covid-y-dengue-van-en-descenso\/"},"modified":"2023-03-28T06:35:58","modified_gmt":"2023-03-28T10:35:58","slug":"bolivia-ya-no-reporta-casos-de-viruela-del-mono-covid-y-dengue-van-en-descenso","status":"publish","type":"post","link":"https:\/\/jms.com.bo\/mediamonitor\/2023\/03\/28\/bolivia-ya-no-reporta-casos-de-viruela-del-mono-covid-y-dengue-van-en-descenso\/","title":{"rendered":"Bolivia ya no reporta casos de viruela del mono; covid y dengue van en descenso"},"content":{"rendered":"<p style=\"text-align: justify;\">Bolivia ya no registr\u00f3 ning\u00fan caso activo de la viruela del mono y los 265 pacientes afectados por esta enfermedad, \u00e9stos ya se recuperaron, seg\u00fan un informe del Ministerio de Salud. Adem\u00e1s, el Gobierno indic\u00f3 que los casos de covid contin\u00faan bajando y que estamos \u201ca un paso de vencer\u201d esta patolog\u00eda, adem\u00e1s inform\u00f3 que el n\u00famero de contagios de dengue va en descenso.<\/p>\n<p style=\"text-align: justify;\">\u201cSanta Cruz fue uno de los departamentos m\u00e1s afectados por la viruela del mono. De los 265 casos registrados, todos se han recuperado. Vale decir que no hubo ning\u00fan deceso y a la fecha no reportamos ning\u00fan caso activo de viruela del mono\u201d, declar\u00f3 ayer el ministro de Salud, Jeyson Auza.<\/p>\n<p style=\"text-align: justify;\">En mayo del a\u00f1o pasado, el Gobierno emiti\u00f3 la alerta epidemiol\u00f3gica por la viruela del mono y advirti\u00f3 de ocho s\u00edntomas para identificar la enfermedad. En esa oportunidad tambi\u00e9n present\u00f3 un manual que fue entregado a todos los servicios departamentales de salud del pa\u00eds y lanz\u00f3 un protocolo de atenci\u00f3n para personas sospechosas de haber contra\u00eddo la enfermedad.<\/p>\n<p style=\"text-align: justify;\">Auza asegur\u00f3 que \u201cestamos en camino de vencer el covid y controlar el brote epid\u00e9mico del dengue, con el que estamos luchando varias semanas\u201d.<\/p>\n<p style=\"text-align: justify;\">Sobre el covid, Salud registr\u00f3 456 personas infectadas la anterior semana, lo que representa una reducci\u00f3n del 13% de positivos. \u201cBolivia tiene 11 semanas de descenso de contagios y en esta semana no se report\u00f3 ning\u00fan deceso por covid. Estamos cerca de los niveles m\u00e1s bajos de contagio\u201d, afirm\u00f3.<\/p>\n<p style=\"text-align: justify;\">La tasa de mortalidad -es decir el n\u00famero de personas fallecidas por cada 100 mil habitantes- tambi\u00e9n tuvo una dr\u00e1stica ca\u00edda. Por ejemplo, en la primera ola 76 de cada 100 mil bolivianos perd\u00edan la vida, en la quinta ola baj\u00f3 a 25 por cada 100 mil y en \u00faltima ola lleg\u00f3 a s\u00f3lo una muerte por cada 100 mil ciudadanos.<\/p>\n<p style=\"text-align: justify;\">\u201cEs una diferencia abismal el manejo de la pandemia que se hizo en el 2020, con lo que hicimos en la quinta ola\u201d, puntualiz\u00f3. Sobre el dengue, el ministro Auza indic\u00f3 que hubo una \u201cdr\u00e1stica disminuci\u00f3n de casos\u201d. \u201cDe un total de 16.730 casos en toda esta gesti\u00f3n, en esta semana apenas se report\u00f3 un deceso. La tasa de incidencia del dengue en la sexta semana del a\u00f1o (a mediados de febrero) era de 3,5 a nivel nacional. Esta disminuy\u00f3 a 0,2 debido a la estrategia integral aplicada por el Gobierno y las grandes mingas. No podemos decir que est\u00e1 totalmente controlado, pero estamos camino a ello\u201d, afirm\u00f3.<\/p>\n<p style=\"text-align: justify;\">Santa Cruz est\u00e1 en el momento m\u00e1s bajo de incidencia del dengue. La tasa de letalidad por cada 100 mil habitantes baj\u00f3 de 5,4 a 0,2. \u201cEsta es una tendencia de disminuci\u00f3n en la tasa de incidencia. Estos datos pueden cambiar, pero las acciones de eliminaci\u00f3n de criaderos de mosquitos est\u00e1n obteniendo resultados\u201d, explic\u00f3.<\/p>\n<p style=\"text-align: justify;\">Auza dijo que desde sus competencias coadyuvaron en varias actividades orientadas a preservar la salud. \u201cAmpliamos a 103 camas con todo el equipamiento, conversamos con las cajas para que atiendan a personas aseguradas y no aseguradas; instalamos un hospital m\u00f3vil que ten\u00eda la capacidad de atender a 60 pacientes por hora. Una vez que baj\u00f3 el n\u00famero de contagios se repleg\u00f3 el hospital\u201d, sostuvo.<\/p>\n<p style=\"text-align: justify;\">Alfonso Hinojosa, exdirector del Hospital Central de la CNS, explic\u00f3 que \u201cno se est\u00e1 venciendo al covid\u201d. Por el contrario, la enfermedad se est\u00e1 convirtiendo en una endemia. \u201cLa mayor\u00eda de las enfermedades tienen una historia natural y la enfermedad se ver\u00e1 influenciada por fen\u00f3menos clim\u00e1ticos que har\u00e1n que suba o baje el n\u00famero de contagios, como un ciclo continuo, pero estar\u00e1 de forma permanente en el tiempo\u201d, explic\u00f3.<\/p>\n<p style=\"text-align: justify;\">La Paz inform\u00f3 que tendr\u00e1 una cifra continua de contagios e indic\u00f3 que la gran cantidad de pacientes que se infectaron y se vacunaron generaron las defensas para enfrentar nuevamente el mal. \u201cTal vez sienta al covid como un resfriado, con una sintomatolog\u00eda que no implique una complicaci\u00f3n ni tenga un compromiso vital. Muchas personas se contagiaron, est\u00e1n tres d\u00edas en reposo y mejoran\u201d.<\/p>\n<p style=\"text-align: justify;\">Hinojosa advirti\u00f3 que el covid todav\u00eda puede causar serios da\u00f1os en tejidos y que en el futuro pueden causar complicaciones, como fibrosis pulmonar o fibrosis muscular. \u201cLas secuelas que quedan de la enfermedad todav\u00eda est\u00e1n presentes en la poblaci\u00f3n\u201d, explic\u00f3.<\/p>\n<p style=\"text-align: justify;\">\n","protected":false},"excerpt":{"rendered":"<p>Bolivia ya no registr\u00f3 ning\u00fan caso activo de la viruela del mono y los 265 pacientes afectados por esta enfermedad, \u00e9stos ya se recuperaron, seg\u00fan un informe del Ministerio de Salud. Adem\u00e1s, el Gobierno indic\u00f3 que los casos de covid contin\u00faan bajando y que estamos \u201ca un paso de vencer\u201d esta patolog\u00eda, adem\u00e1s inform\u00f3 que [&hellip;]<\/p>\n","protected":false},"author":4,"featured_media":46769,"comment_status":"open","ping_status":"closed","sticky":false,"template":"","format":"standard","meta":{"footnotes":""},"categories":[53],"tags":[],"class_list":{"0":"post-46768","1":"post","2":"type-post","3":"status-publish","4":"format-standard","5":"has-post-thumbnail","7":"category-salud"},"_links":{"self":[{"href":"https:\/\/jms.com.bo\/mediamonitor\/wp-json\/wp\/v2\/posts\/46768","targetHints":{"allow":["GET"]}}],"collection":[{"href":"https:\/\/jms.com.bo\/mediamonitor\/wp-json\/wp\/v2\/posts"}],"about":[{"href":"https:\/\/jms.com.bo\/mediamonitor\/wp-json\/wp\/v2\/types\/post"}],"author":[{"embeddable":true,"href":"https:\/\/jms.com.bo\/mediamonitor\/wp-json\/wp\/v2\/users\/4"}],"replies":[{"embeddable":true,"href":"https:\/\/jms.com.bo\/mediamonitor\/wp-json\/wp\/v2\/comments?post=46768"}],"version-history":[{"count":0,"href":"https:\/\/jms.com.bo\/mediamonitor\/wp-json\/wp\/v2\/posts\/46768\/revisions"}],"wp:featuredmedia":[{"embeddable":true,"href":"https:\/\/jms.com.bo\/mediamonitor\/wp-json\/wp\/v2\/media\/46769"}],"wp:attachment":[{"href":"https:\/\/jms.com.bo\/mediamonitor\/wp-json\/wp\/v2\/media?parent=46768"}],"wp:term":[{"taxonomy":"category","embeddable":true,"href":"https:\/\/jms.com.bo\/mediamonitor\/wp-json\/wp\/v2\/categories?post=46768"},{"taxonomy":"post_tag","embeddable":true,"href":"https:\/\/jms.com.bo\/mediamonitor\/wp-json\/wp\/v2\/tags?post=46768"}],"curies":[{"name":"wp","href":"https:\/\/api.w.org\/{rel}","templated":true}]}}