{"id":46770,"date":"2023-03-28T06:37:54","date_gmt":"2023-03-28T10:37:54","guid":{"rendered":"https:\/\/jms.com.bo\/mediamonitor\/2023\/03\/28\/huacareta-feria-del-queso-busca-romper-records\/"},"modified":"2023-03-28T06:37:54","modified_gmt":"2023-03-28T10:37:54","slug":"huacareta-feria-del-queso-busca-romper-records","status":"publish","type":"post","link":"https:\/\/jms.com.bo\/mediamonitor\/2023\/03\/28\/huacareta-feria-del-queso-busca-romper-records\/","title":{"rendered":"Huacareta: Feria del Queso busca romper r\u00e9cords"},"content":{"rendered":"<p style=\"text-align: justify;\">En la XXVI Feria del Queso y Derivados L\u00e1cteos. Huacareta apunta a superar el movimiento econ\u00f3mico de 300 mil bolivianos alcanzado el a\u00f1o pasado. La exposici\u00f3n socioecon\u00f3mica y cultural tendr\u00e1 lugar este s\u00e1bado 1 de abril, en el campo ferial de este municipio.<\/p>\n<p style=\"text-align: justify;\">\u201cEl a\u00f1o pasado fue exitoso y se vendi\u00f3 pr\u00e1cticamente todo y nuestro objetivo es mejorar el movimiento econ\u00f3mico que alcanz\u00f3 alrededor de 300 mil bolivianos\u201d, augur\u00f3 Alfredo Fuentes, alcalde de Huacareta.<\/p>\n<p style=\"text-align: justify;\">La premisa de la feria es impulsar a las asociaciones de ganaderos y los m\u00e1s de 40 productores lecheros de los distritos de A\u00f1imbo, Rosario del Ingre, Huacareta y \u00d1acamiri que expondr\u00e1n lo mejor de la producci\u00f3n de quesos criollos y la variedad de derivados l\u00e1cteos.<\/p>\n<p style=\"text-align: justify;\">Pese a la sequ\u00eda que azota a este municipio chaque\u00f1o, Huacareta es una referencia del departamento en materia de ganado bovino y por ende se convierte en productor lechero.<\/p>\n<p style=\"text-align: justify;\">La feria no solo expondr\u00e1 el potencial productivo del municipio, sino tambi\u00e9n tendr\u00e1 m\u00fasica en las voces del huacarete\u00f1o Chicho Ramos y del tarije\u00f1o Alex Sossa; adem\u00e1s, de otros grupos musicales amenizar\u00e1n el evento de este s\u00e1bado.<\/p>\n","protected":false},"excerpt":{"rendered":"<p>En la XXVI Feria del Queso y Derivados L\u00e1cteos. Huacareta apunta a superar el movimiento econ\u00f3mico de 300 mil bolivianos alcanzado el a\u00f1o pasado. La exposici\u00f3n socioecon\u00f3mica y cultural tendr\u00e1 lugar este s\u00e1bado 1 de abril, en el campo ferial de este municipio. \u201cEl a\u00f1o pasado fue exitoso y se vendi\u00f3 pr\u00e1cticamente todo y nuestro [&hellip;]<\/p>\n","protected":false},"author":4,"featured_media":46771,"comment_status":"open","ping_status":"closed","sticky":false,"template":"","format":"standard","meta":{"footnotes":""},"categories":[52],"tags":[],"class_list":{"0":"post-46770","1":"post","2":"type-post","3":"status-publish","4":"format-standard","5":"has-post-thumbnail","7":"category-alimentos-agroindustria"},"_links":{"self":[{"href":"https:\/\/jms.com.bo\/mediamonitor\/wp-json\/wp\/v2\/posts\/46770","targetHints":{"allow":["GET"]}}],"collection":[{"href":"https:\/\/jms.com.bo\/mediamonitor\/wp-json\/wp\/v2\/posts"}],"about":[{"href":"https:\/\/jms.com.bo\/mediamonitor\/wp-json\/wp\/v2\/types\/post"}],"author":[{"embeddable":true,"href":"https:\/\/jms.com.bo\/mediamonitor\/wp-json\/wp\/v2\/users\/4"}],"replies":[{"embeddable":true,"href":"https:\/\/jms.com.bo\/mediamonitor\/wp-json\/wp\/v2\/comments?post=46770"}],"version-history":[{"count":0,"href":"https:\/\/jms.com.bo\/mediamonitor\/wp-json\/wp\/v2\/posts\/46770\/revisions"}],"wp:featuredmedia":[{"embeddable":true,"href":"https:\/\/jms.com.bo\/mediamonitor\/wp-json\/wp\/v2\/media\/46771"}],"wp:attachment":[{"href":"https:\/\/jms.com.bo\/mediamonitor\/wp-json\/wp\/v2\/media?parent=46770"}],"wp:term":[{"taxonomy":"category","embeddable":true,"href":"https:\/\/jms.com.bo\/mediamonitor\/wp-json\/wp\/v2\/categories?post=46770"},{"taxonomy":"post_tag","embeddable":true,"href":"https:\/\/jms.com.bo\/mediamonitor\/wp-json\/wp\/v2\/tags?post=46770"}],"curies":[{"name":"wp","href":"https:\/\/api.w.org\/{rel}","templated":true}]}}