{"id":46774,"date":"2023-03-28T06:41:13","date_gmt":"2023-03-28T10:41:13","guid":{"rendered":"https:\/\/jms.com.bo\/mediamonitor\/2023\/03\/28\/trabajadores-del-exsedeca-se-declaran-en-huelga\/"},"modified":"2023-03-28T06:41:13","modified_gmt":"2023-03-28T10:41:13","slug":"trabajadores-del-exsedeca-se-declaran-en-huelga","status":"publish","type":"post","link":"https:\/\/jms.com.bo\/mediamonitor\/2023\/03\/28\/trabajadores-del-exsedeca-se-declaran-en-huelga\/","title":{"rendered":"Trabajadores del exSedeca se declaran en huelga"},"content":{"rendered":"<p style=\"text-align: justify;\">Siguen los l\u00edos con los trabajadores del exServicio Departamental de Caminos (exSedeca). El lunes ingresaron en una huelga de brazos ca\u00eddos, el argumento es que no se les da las condiciones para que estos puedan desarrollar sus actividades. Esta situaci\u00f3n ha sido repudiada por el titular de la Direcci\u00f3n Administrativa Vial (DAV), Marco Bass Werner.<\/p>\n<p style=\"text-align: justify;\">Bass Werner detall\u00f3 que son 181 trabajadores los que han asumido esta medida de presi\u00f3n, sin siquiera emitir un aviso previo, situaci\u00f3n que deriv\u00f3 en oficinas vac\u00edas en la DAV.<\/p>\n<p style=\"text-align: justify;\">\u201cYa se viene cumpliendo \u00edntegramente lo que ellos hacen referencia, tenemos los memor\u00e1ndums de reincorporaci\u00f3n de todos los trabajadores que se han beneficiado con el Auto Constitucional n\u00famero 70, entonces ellos no est\u00e1n asimilando que fueron reincorporados al Gobierno Aut\u00f3nomo Departamental de Tarija, son funcionarios dependientes de la Gobernaci\u00f3n, seg\u00fan sentencia se ha concretado la reincorporaci\u00f3n\u201d, mencion\u00f3.<\/p>\n<p style=\"text-align: justify;\">Bass Werner lament\u00f3 que pese a que la Gobernaci\u00f3n viene cumpliendo a cabalidad lo que manda la sentencia, respetando el compromiso del gobernador Oscar Montes, los trabajadores reincorporados se nieguen a cumplir instrucciones.<\/p>\n<p style=\"text-align: justify;\">Al respecto, el ejecutivo del Sindicato de Trabajadores del exSedeca, Franz Ayarde, puntualiz\u00f3 que producto de la decisi\u00f3n err\u00e1tica de la Gobernaci\u00f3n les han tenido que pagar por ocho meses de trabajo sin que hayan asistido a sus fuentes laborales. Asimismo, enfatiz\u00f3 que pese a haber sido reincorporados hace dos meses, a la fecha no les otorgan los activos fijos ni designan las funciones de trabajo.<\/p>\n","protected":false},"excerpt":{"rendered":"<p>Siguen los l\u00edos con los trabajadores del exServicio Departamental de Caminos (exSedeca). El lunes ingresaron en una huelga de brazos ca\u00eddos, el argumento es que no se les da las condiciones para que estos puedan desarrollar sus actividades. Esta situaci\u00f3n ha sido repudiada por el titular de la Direcci\u00f3n Administrativa Vial (DAV), Marco Bass Werner. [&hellip;]<\/p>\n","protected":false},"author":4,"featured_media":46775,"comment_status":"open","ping_status":"closed","sticky":false,"template":"","format":"standard","meta":{"footnotes":""},"categories":[49],"tags":[],"class_list":{"0":"post-46774","1":"post","2":"type-post","3":"status-publish","4":"format-standard","5":"has-post-thumbnail","7":"category-social"},"_links":{"self":[{"href":"https:\/\/jms.com.bo\/mediamonitor\/wp-json\/wp\/v2\/posts\/46774","targetHints":{"allow":["GET"]}}],"collection":[{"href":"https:\/\/jms.com.bo\/mediamonitor\/wp-json\/wp\/v2\/posts"}],"about":[{"href":"https:\/\/jms.com.bo\/mediamonitor\/wp-json\/wp\/v2\/types\/post"}],"author":[{"embeddable":true,"href":"https:\/\/jms.com.bo\/mediamonitor\/wp-json\/wp\/v2\/users\/4"}],"replies":[{"embeddable":true,"href":"https:\/\/jms.com.bo\/mediamonitor\/wp-json\/wp\/v2\/comments?post=46774"}],"version-history":[{"count":0,"href":"https:\/\/jms.com.bo\/mediamonitor\/wp-json\/wp\/v2\/posts\/46774\/revisions"}],"wp:featuredmedia":[{"embeddable":true,"href":"https:\/\/jms.com.bo\/mediamonitor\/wp-json\/wp\/v2\/media\/46775"}],"wp:attachment":[{"href":"https:\/\/jms.com.bo\/mediamonitor\/wp-json\/wp\/v2\/media?parent=46774"}],"wp:term":[{"taxonomy":"category","embeddable":true,"href":"https:\/\/jms.com.bo\/mediamonitor\/wp-json\/wp\/v2\/categories?post=46774"},{"taxonomy":"post_tag","embeddable":true,"href":"https:\/\/jms.com.bo\/mediamonitor\/wp-json\/wp\/v2\/tags?post=46774"}],"curies":[{"name":"wp","href":"https:\/\/api.w.org\/{rel}","templated":true}]}}