{"id":46776,"date":"2023-03-28T06:46:44","date_gmt":"2023-03-28T10:46:44","guid":{"rendered":"https:\/\/jms.com.bo\/mediamonitor\/2023\/03\/28\/maestros-de-tarija-preparan-huelga-y-paro-de-48-horas\/"},"modified":"2023-03-28T06:46:44","modified_gmt":"2023-03-28T10:46:44","slug":"maestros-de-tarija-preparan-huelga-y-paro-de-48-horas","status":"publish","type":"post","link":"https:\/\/jms.com.bo\/mediamonitor\/2023\/03\/28\/maestros-de-tarija-preparan-huelga-y-paro-de-48-horas\/","title":{"rendered":"Maestros de Tarija preparan huelga y paro de 48 horas"},"content":{"rendered":"<p style=\"text-align: justify;\">El Magisterio Urbano a nivel nacional iniciar\u00e1 desde este martes 28 de marzo diferentes piquetes de huelga de hambre en la ciudad de La Paz y el mi\u00e9rcoles en la ciudad de Tarija, para posteriormente acatar un paro de 48 horas entre los d\u00edas jueves y vienes, as\u00ed lo inform\u00f3 el ejecutivo del magisterio urbano de Tarija, Julio Cori.<\/p>\n<p style=\"text-align: justify;\">Cori, explic\u00f3 a Hola Bolivia, que cada federaci\u00f3n hizo llegar la contrapuesta al Ministerio de Educaci\u00f3n para que sea analizada, sin embargo, en caso de no ser atendidos en sus demandas, acatar\u00e1n un paro de 48 horas con suspensi\u00f3n de actividades y posteriormente podr\u00edan radicalizar sus medidas de presi\u00f3n de forma indefinida.<\/p>\n<p style=\"text-align: justify;\">Los dirigentes del magisterio de Tarija, que piden mayor n\u00famero de \u00edtems, \u201ccubrir horas hist\u00f3ricas\u201d y mayor presupuesto para el sector, se encuentran esperanzados de ser convocados a di\u00e1logo por parte del Ministerio de Educaci\u00f3n.<\/p>\n","protected":false},"excerpt":{"rendered":"<p>El Magisterio Urbano a nivel nacional iniciar\u00e1 desde este martes 28 de marzo diferentes piquetes de huelga de hambre en la ciudad de La Paz y el mi\u00e9rcoles en la ciudad de Tarija, para posteriormente acatar un paro de 48 horas entre los d\u00edas jueves y vienes, as\u00ed lo inform\u00f3 el ejecutivo del magisterio urbano [&hellip;]<\/p>\n","protected":false},"author":4,"featured_media":46777,"comment_status":"open","ping_status":"closed","sticky":false,"template":"","format":"standard","meta":{"footnotes":""},"categories":[49],"tags":[],"class_list":{"0":"post-46776","1":"post","2":"type-post","3":"status-publish","4":"format-standard","5":"has-post-thumbnail","7":"category-social"},"_links":{"self":[{"href":"https:\/\/jms.com.bo\/mediamonitor\/wp-json\/wp\/v2\/posts\/46776","targetHints":{"allow":["GET"]}}],"collection":[{"href":"https:\/\/jms.com.bo\/mediamonitor\/wp-json\/wp\/v2\/posts"}],"about":[{"href":"https:\/\/jms.com.bo\/mediamonitor\/wp-json\/wp\/v2\/types\/post"}],"author":[{"embeddable":true,"href":"https:\/\/jms.com.bo\/mediamonitor\/wp-json\/wp\/v2\/users\/4"}],"replies":[{"embeddable":true,"href":"https:\/\/jms.com.bo\/mediamonitor\/wp-json\/wp\/v2\/comments?post=46776"}],"version-history":[{"count":0,"href":"https:\/\/jms.com.bo\/mediamonitor\/wp-json\/wp\/v2\/posts\/46776\/revisions"}],"wp:featuredmedia":[{"embeddable":true,"href":"https:\/\/jms.com.bo\/mediamonitor\/wp-json\/wp\/v2\/media\/46777"}],"wp:attachment":[{"href":"https:\/\/jms.com.bo\/mediamonitor\/wp-json\/wp\/v2\/media?parent=46776"}],"wp:term":[{"taxonomy":"category","embeddable":true,"href":"https:\/\/jms.com.bo\/mediamonitor\/wp-json\/wp\/v2\/categories?post=46776"},{"taxonomy":"post_tag","embeddable":true,"href":"https:\/\/jms.com.bo\/mediamonitor\/wp-json\/wp\/v2\/tags?post=46776"}],"curies":[{"name":"wp","href":"https:\/\/api.w.org\/{rel}","templated":true}]}}