{"id":46778,"date":"2023-03-28T06:48:01","date_gmt":"2023-03-28T10:48:01","guid":{"rendered":"https:\/\/jms.com.bo\/mediamonitor\/2023\/03\/28\/educacion-definira-este-martes-fecha-y-hora-para-reinstalar-el-dialogo-con-los-maestros\/"},"modified":"2023-03-28T06:48:01","modified_gmt":"2023-03-28T10:48:01","slug":"educacion-definira-este-martes-fecha-y-hora-para-reinstalar-el-dialogo-con-los-maestros","status":"publish","type":"post","link":"https:\/\/jms.com.bo\/mediamonitor\/2023\/03\/28\/educacion-definira-este-martes-fecha-y-hora-para-reinstalar-el-dialogo-con-los-maestros\/","title":{"rendered":"Educaci\u00f3n definir\u00e1 este martes fecha y hora para reinstalar el di\u00e1logo con los maestros"},"content":{"rendered":"<p style=\"text-align: justify;\">El Ministerio de Educaci\u00f3n recibi\u00f3 la contrapropuesta del Magisterio nacional, al mediod\u00eda de este lunes, confirm\u00f3 su titular, \u00c9dgar Pary, en conferencia de prensa. Adelant\u00f3 que este martes definir\u00e1n la fecha y la hora de la nueva reuni\u00f3n con los maestros.<\/p>\n<p style=\"text-align: justify;\">Con respecto a la contrapropuesta se\u00f1al\u00f3 que a\u00fan no la analiz\u00f3. Sin embargo, al igual que el viernes pasado, indic\u00f3 que las protestas de los maestros son pol\u00edticas y culp\u00f3 al Conade y a los comit\u00e9s c\u00edvicos de Santa Cruz y Tarija de estar -supuestamente- detr\u00e1s de las manifestaciones del Magisterio urbano.<\/p>\n<p style=\"text-align: justify;\">Reconoci\u00f3 que existe necesidad de \u00edtems y que los departamentos m\u00e1s afectados son Santa Cruz y Cochabamba. Sin embargo, se\u00f1al\u00f3 que se empezar\u00e1 dando horas -no \u00edtems- para paliar la deuda hist\u00f3rica, a la que hacen alusi\u00f3n los maestros.<\/p>\n<p style=\"text-align: justify;\">Sobre los \u00edtems que corresponden al crecimiento vegetativo, se\u00f1al\u00f3: \u201cSon 64.000 \u00edtems que se han distribuido desde la gesti\u00f3n 2006 hasta la gesti\u00f3n 2023; en estas dos gestiones y media, hemos entregado 7.500. Es insuficiente, seguro que s\u00ed, pero es importante trabajar desde un punto de vista t\u00e9cnico\u201d.<\/p>\n<p style=\"text-align: justify;\">Por otro lado, Pary se refiri\u00f3 al Congreso de educaci\u00f3n y se\u00f1al\u00f3 que las fechas tentativas para su desarrollo son del 15 al 19 de abril de 2024, y que la convocatoria se lanzar\u00e1 el 1 de mayo de este a\u00f1o. En una primera etapa se realizar\u00e1 el diagn\u00f3stico de la situaci\u00f3n educativa del pa\u00eds y, en una segunda etapa, la elaboraci\u00f3n de propuestas, en la que participar\u00e1n diferentes sectores de la sociedad, adem\u00e1s de los gobiernos municipales y departamentales. Este congreso tendr\u00e1 fases distritales, luego departamentales y, finalmente, nacional, seg\u00fan inform\u00f3 el ministro.<\/p>\n<p style=\"text-align: justify;\">En cuanto a los contenidos observados de la nueva malla curricular, se\u00f1al\u00f3 que se est\u00e1n sacando de contexto, que cortan los t\u00edtulos, que los malinterpretan, pero que no corresponden a lo que supuestamente quieren hacer creer a los padres de familia para que rechacen esos contenidos.<\/p>\n<p style=\"text-align: justify;\">De su lado, los maestros confirmaron el env\u00edo de la contrapropuesta, pero est\u00e1n prepar\u00e1ndose para iniciar este martes piquetes de huelga de hambre en todo el pa\u00eds, como determinaron el pasado viernes.<\/p>\n<p style=\"text-align: justify;\">Adem\u00e1s, para el jueves y viernes pr\u00f3ximo est\u00e1 previsto un nuevo paro nacional de actividades escolares, esta vez de 48 horas.<\/p>\n","protected":false},"excerpt":{"rendered":"<p>El Ministerio de Educaci\u00f3n recibi\u00f3 la contrapropuesta del Magisterio nacional, al mediod\u00eda de este lunes, confirm\u00f3 su titular, \u00c9dgar Pary, en conferencia de prensa. Adelant\u00f3 que este martes definir\u00e1n la fecha y la hora de la nueva reuni\u00f3n con los maestros. Con respecto a la contrapropuesta se\u00f1al\u00f3 que a\u00fan no la analiz\u00f3. Sin embargo, al [&hellip;]<\/p>\n","protected":false},"author":4,"featured_media":46779,"comment_status":"open","ping_status":"closed","sticky":false,"template":"","format":"standard","meta":{"footnotes":""},"categories":[49],"tags":[],"class_list":{"0":"post-46778","1":"post","2":"type-post","3":"status-publish","4":"format-standard","5":"has-post-thumbnail","7":"category-social"},"_links":{"self":[{"href":"https:\/\/jms.com.bo\/mediamonitor\/wp-json\/wp\/v2\/posts\/46778","targetHints":{"allow":["GET"]}}],"collection":[{"href":"https:\/\/jms.com.bo\/mediamonitor\/wp-json\/wp\/v2\/posts"}],"about":[{"href":"https:\/\/jms.com.bo\/mediamonitor\/wp-json\/wp\/v2\/types\/post"}],"author":[{"embeddable":true,"href":"https:\/\/jms.com.bo\/mediamonitor\/wp-json\/wp\/v2\/users\/4"}],"replies":[{"embeddable":true,"href":"https:\/\/jms.com.bo\/mediamonitor\/wp-json\/wp\/v2\/comments?post=46778"}],"version-history":[{"count":0,"href":"https:\/\/jms.com.bo\/mediamonitor\/wp-json\/wp\/v2\/posts\/46778\/revisions"}],"wp:featuredmedia":[{"embeddable":true,"href":"https:\/\/jms.com.bo\/mediamonitor\/wp-json\/wp\/v2\/media\/46779"}],"wp:attachment":[{"href":"https:\/\/jms.com.bo\/mediamonitor\/wp-json\/wp\/v2\/media?parent=46778"}],"wp:term":[{"taxonomy":"category","embeddable":true,"href":"https:\/\/jms.com.bo\/mediamonitor\/wp-json\/wp\/v2\/categories?post=46778"},{"taxonomy":"post_tag","embeddable":true,"href":"https:\/\/jms.com.bo\/mediamonitor\/wp-json\/wp\/v2\/tags?post=46778"}],"curies":[{"name":"wp","href":"https:\/\/api.w.org\/{rel}","templated":true}]}}