{"id":46782,"date":"2023-03-28T06:52:08","date_gmt":"2023-03-28T10:52:08","guid":{"rendered":"https:\/\/jms.com.bo\/mediamonitor\/2023\/03\/28\/estiman-que-14-000-vehiculos-no-ingresaron-al-centro-paceno\/"},"modified":"2023-03-28T06:52:08","modified_gmt":"2023-03-28T10:52:08","slug":"estiman-que-14-000-vehiculos-no-ingresaron-al-centro-paceno","status":"publish","type":"post","link":"https:\/\/jms.com.bo\/mediamonitor\/2023\/03\/28\/estiman-que-14-000-vehiculos-no-ingresaron-al-centro-paceno\/","title":{"rendered":"Estiman que 14.000 veh\u00edculos no ingresaron al centro pace\u00f1o"},"content":{"rendered":"<p style=\"text-align: justify;\">La Alcald\u00eda de La Paz estima que 14.000 veh\u00edculos no ingresaron al \u00e1rea de restricci\u00f3n del centro de la ciudad de La Paz, en la primera jornada de relanzamiento de esta medida. Hasta el mediod\u00eda, unos 200 choferes infringieron la disposici\u00f3n municipal.<\/p>\n<p style=\"text-align: justify;\">\u201cHemos hecho una estimaci\u00f3n donde aproximadamente 7.700 veh\u00edculos han dejado de ingresar al \u00e1rea de restricci\u00f3n y esto es solo en la ma\u00f1ana, entonces asumimos que a lo largo del d\u00eda, aproximadamente 14.000 veh\u00edculos no han ingresado al \u00e1rea y considerando, adem\u00e1s, que a\u00fan no hay multas, esto muestra el compromiso de la ciudadan\u00eda con esta medida\u201d, inform\u00f3 ayer en conferencia de prensa de evaluaci\u00f3n el secretario de Movilidad Urbana, Enrique Villanueva.<\/p>\n<p style=\"text-align: justify;\">El funcionario calific\u00f3 de positivo el relanzamiento de la medida que nunca dej\u00f3 de estar vigente desde 2003, pero tras la pandemia de la COVID-19 dejaron de hacerse los controles.<\/p>\n<p style=\"text-align: justify;\">\u201cLa jornada fue positiva gradualmente, la poblaci\u00f3n se va informando de esta \u00e1rea y va asumiendo su rol como corresponsable\u201d, explic\u00f3. Durante el d\u00eda se desplegaron guardias municipales y funcionarios ediles en 60 puntos de control en el per\u00edmetro dispuesto por la Alcald\u00eda, dijo.<\/p>\n<p style=\"text-align: justify;\">El per\u00edmetro dispuesto por la Alcald\u00eda comprende 60 puntos.<br \/>\nEl per\u00edmetro dispuesto por la Alcald\u00eda comprende 60 puntos.<br \/>\nTambi\u00e9n puede leer: Los buses escolares est\u00e1n exentos de la restricci\u00f3n vehicular<br \/>\nLa restricci\u00f3n vehicular se relanz\u00f3 ayer desde las 07.00. Se extiende de lunes a viernes hasta las 20.00 conforme a la terminaci\u00f3n de la placa, lo que indica que el lunes corresponde a los veh\u00edculos que terminan en 1 y 2; martes, 3 y 4; mi\u00e9rcoles, 5 y 6; jueves, 7 y 8; mientras que viernes son 9 y 0.<\/p>\n<p style=\"text-align: justify;\">INFRACTORES.<br \/>\nEn m\u00e1s de cinco horas de aplicaci\u00f3n de la restricci\u00f3n vehicular, 200 de 27.000 autom\u00f3viles infringieron la disposici\u00f3n en el centro de la ciudad y cuatro conductores huyeron, inform\u00f3 al mediod\u00eda de ayer el alcalde Iv\u00e1n Arias, quien agradeci\u00f3 a la poblaci\u00f3n por acatar la medida.<\/p>\n<p style=\"text-align: justify;\">\u201c(Debo) agradecer a los se\u00f1ores transportistas, conductores y ciudadanos por haber asumido esta norma. Entendemos que todav\u00eda falta m\u00e1s socializaci\u00f3n. Hoy hemos tenido apenas 200 movilidades retenidas, cuatro que se han dado a la fuga, pero en general y ustedes pueden notar en la ciudad en este d\u00eda que normalmente es muy congestionado ha habido un poco m\u00e1s de fluidez (en la circulaci\u00f3n)\u201d, dijo ayer.<\/p>\n<p style=\"text-align: justify;\">Arias explic\u00f3 que para hoy martes se prev\u00e9 reforzar los puntos de control y seguir con la socializaci\u00f3n sobre los 11 puntos centrales de restricci\u00f3n vehicular, \u201cque (se) debe respetar conforme la terminaci\u00f3n de su placa\u201d.<\/p>\n<p style=\"text-align: justify;\">El \u00e1rea de restricci\u00f3n comprende 11 puntos esenciales: la Av. Per\u00fa, la Av. Sucre, el Cruce de Villas, el puente Guti\u00e9rrez Guerra, la plaza Triangular, la plaza Isabel La Cat\u00f3lica, la plaza El C\u00f3ndor, Cuarto Centenario, la Av. H\u00e9roes del Pac\u00edfico, la Av. Apumalla y la Av. Quintanilla Zuazo.<\/p>\n<p style=\"text-align: justify;\">Villanueva inform\u00f3 que a trav\u00e9s de la aplicaci\u00f3n \u201cRestricci\u00f3n Vehicular La Paz\u201d que est\u00e1 disponible en la Play Store: https:\/\/play.google.com\/store\/ap ps\/details?id=gamlp.smmsc.arv, la ciudadan\u00eda puede saber si su veh\u00edculo puede circular con solo colocar el n\u00famero de la placa.<\/p>\n","protected":false},"excerpt":{"rendered":"<p>La Alcald\u00eda de La Paz estima que 14.000 veh\u00edculos no ingresaron al \u00e1rea de restricci\u00f3n del centro de la ciudad de La Paz, en la primera jornada de relanzamiento de esta medida. Hasta el mediod\u00eda, unos 200 choferes infringieron la disposici\u00f3n municipal. \u201cHemos hecho una estimaci\u00f3n donde aproximadamente 7.700 veh\u00edculos han dejado de ingresar al [&hellip;]<\/p>\n","protected":false},"author":4,"featured_media":46783,"comment_status":"open","ping_status":"closed","sticky":false,"template":"","format":"standard","meta":{"footnotes":""},"categories":[20],"tags":[],"class_list":{"0":"post-46782","1":"post","2":"type-post","3":"status-publish","4":"format-standard","5":"has-post-thumbnail","7":"category-actualidad"},"_links":{"self":[{"href":"https:\/\/jms.com.bo\/mediamonitor\/wp-json\/wp\/v2\/posts\/46782","targetHints":{"allow":["GET"]}}],"collection":[{"href":"https:\/\/jms.com.bo\/mediamonitor\/wp-json\/wp\/v2\/posts"}],"about":[{"href":"https:\/\/jms.com.bo\/mediamonitor\/wp-json\/wp\/v2\/types\/post"}],"author":[{"embeddable":true,"href":"https:\/\/jms.com.bo\/mediamonitor\/wp-json\/wp\/v2\/users\/4"}],"replies":[{"embeddable":true,"href":"https:\/\/jms.com.bo\/mediamonitor\/wp-json\/wp\/v2\/comments?post=46782"}],"version-history":[{"count":0,"href":"https:\/\/jms.com.bo\/mediamonitor\/wp-json\/wp\/v2\/posts\/46782\/revisions"}],"wp:featuredmedia":[{"embeddable":true,"href":"https:\/\/jms.com.bo\/mediamonitor\/wp-json\/wp\/v2\/media\/46783"}],"wp:attachment":[{"href":"https:\/\/jms.com.bo\/mediamonitor\/wp-json\/wp\/v2\/media?parent=46782"}],"wp:term":[{"taxonomy":"category","embeddable":true,"href":"https:\/\/jms.com.bo\/mediamonitor\/wp-json\/wp\/v2\/categories?post=46782"},{"taxonomy":"post_tag","embeddable":true,"href":"https:\/\/jms.com.bo\/mediamonitor\/wp-json\/wp\/v2\/tags?post=46782"}],"curies":[{"name":"wp","href":"https:\/\/api.w.org\/{rel}","templated":true}]}}