{"id":46784,"date":"2023-03-28T06:53:45","date_gmt":"2023-03-28T10:53:45","guid":{"rendered":"https:\/\/jms.com.bo\/mediamonitor\/2023\/03\/28\/el-rio-acre-empieza-a-bajar-pero-deja-mas-de-500-familias-damnificadas\/"},"modified":"2023-03-28T06:53:45","modified_gmt":"2023-03-28T10:53:45","slug":"el-rio-acre-empieza-a-bajar-pero-deja-mas-de-500-familias-damnificadas","status":"publish","type":"post","link":"https:\/\/jms.com.bo\/mediamonitor\/2023\/03\/28\/el-rio-acre-empieza-a-bajar-pero-deja-mas-de-500-familias-damnificadas\/","title":{"rendered":"El r\u00edo Acre empieza a bajar, pero deja m\u00e1s de 500 familias damnificadas"},"content":{"rendered":"<p style=\"text-align: justify;\">Despu\u00e9s de dos d\u00edas del desborde del r\u00edo Acre, el nivel de las aguas comienzan a bajar, pero anegaron comunidades y barrios de la ciudad de Cobija, dejando m\u00e1s de 500 familias damnificadas y 350 viviendas en medio del agua. Las autoridades se preparan para encarar un plan de limpieza una vez que el terreno seque.<\/p>\n<p style=\"text-align: justify;\">La alcaldesa de Cobija, Ana Luc\u00eda Reis, inspeccion\u00f3 las zonas inundadas y asegur\u00f3 que una vez las aguas bajen se ayudar\u00e1 a sacar el sedimento de las calles y viviendas, para permitir el retorno de las familias.<\/p>\n<p style=\"text-align: justify;\">\u201cGracias a Dios el r\u00edo empieza a bajar. Descendi\u00f3 de 12,31 metros a 12,10 metros a primeras horas de la tarde. Tenemos m\u00e1s de 500 familias que se han trasladado, de las cuales 140 est\u00e1n en albergues\u201d, enfatiz\u00f3 al agregar que lo importante es que no se han lamentado da\u00f1os a las personas ni p\u00e9rdidas de vidas humanas.<\/p>\n<p style=\"text-align: justify;\">El mayor desborde del r\u00edo Acre en los \u00faltimos a\u00f1os dej\u00f3 en la ciudad de Cobija cinco barrios inundados: Jun\u00edn, Mapajo, Petrolero, Villamontes y Cataratas. Adem\u00e1s, de otras comunidades aleda\u00f1as, como Bajo Acre.<\/p>\n<p style=\"text-align: justify;\">Esperan que hasta este martes el agua baje como unos cinco metros.<\/p>\n<p style=\"text-align: justify;\">La alcaldesa destac\u00f3 que las autoridades del Ministerio de Salud, del Servicio Departamental de Salud de Pando y de la Alcald\u00eda han trabajado para llegar con atenci\u00f3n m\u00e9dica oportuna a la gente. Hasta el momento se han realizado unas 1.000 atenciones.<\/p>\n<p style=\"text-align: justify;\">De la misma manera, Reis inform\u00f3 que ahora se est\u00e1n preparando para realizar la limpieza de las zonas anegadas. Esto implica movilizar maquinaria y personal para sacar el sedimento y palizadas que fueron arrastradas por el agua.<\/p>\n<p style=\"text-align: justify;\">Estiman que unas 350 viviendas quedaron anegadas; sin embargo, la cifra exacta se conocer\u00e1 en el relevamiento de datos que har\u00e1n cuando bajen las aguas.<\/p>\n<p style=\"text-align: justify;\">Por su parte, las personas cuentan los momentos de angustia que han vivido este fin de semana, pues tuvieron que dejar sus hogares para refugiarse en casa de sus familiares o en los albergues habilitados por las autoridades.<\/p>\n<p style=\"text-align: justify;\">Otros vecinos expresaron su preocupaci\u00f3n por el corte de las v\u00edas de acceso, como ocurri\u00f3 en las comunidades 17 de Mayo, La Patria, Calama y Belo Horizonte. \u201cSi no hay maquinaria, hay que alquilar porque estamos en emergencia y necesitamos ayuda\u201d, se\u00f1al\u00f3 un representante vecinal de la comunidad 17 de Mayo, donde no se puede llevar en veh\u00edculos de cuatro ruedas debido a que la carretera est\u00e1 cortada.<\/p>\n<p style=\"text-align: justify;\">Im\u00e1genes del TV universitaria de Pando mostraron c\u00f3mo el agua hab\u00eda cubierto varias viviendas en el barrio Mapajo y las familias se daban modos para intentar rescatar sus pertenencias en motocicletas y lanchas; mientras que en el barrio Petrolero algunos vecinos se quejaban por el corte de energ\u00eda el\u00e9ctrica.<\/p>\n<p style=\"text-align: justify;\">\u201cNos han dicho que han cortado la luz hasta que bajen las aguas, pero lo hicieron sin previo aviso y eso es lo que molest\u00f3 a la gente\u201d, se\u00f1al\u00f3 uno de los vecinos que decidi\u00f3 quedarse y no acudir a los albergues para cuidar de sus cosas y animales.<\/p>\n<p style=\"text-align: justify;\">El agua tambi\u00e9n afect\u00f3 al centro de rehabilitaci\u00f3n Miki Maia, por lo que las atenciones fueron suspendidas de forma temporal y los equipos fueron evacuados hasta el estadio departamental. Se espera el descenso de las aguas para su reapertura. Tambi\u00e9n fueron suspendidos los servicios que se ofrecen a las personas con discapacidad, entre ellas la carnetizaci\u00f3n, toda vez que en este edificio tambi\u00e9n funciona el Comit\u00e9 Departamental de la Persona con Discapacidad (Codepedis) de Pando.<\/p>\n<p style=\"text-align: justify;\">Cobija no es el \u00fanico municipio con da\u00f1os importantes, tambi\u00e9n est\u00e1n pasando por momentos duros los habitantes de las comunidades Filadelfia, que tiene afectaci\u00f3n en los caminos, y Puerto Rico, con viviendas y campos productivos da\u00f1ados.<\/p>\n<p style=\"text-align: justify;\">El Gobierno<\/p>\n<p style=\"text-align: justify;\">El viceministro de Defensa Civil, Juan Carlos Calvimontes, inform\u00f3 que las aguas descendieron este lunes, lo que hace presumir que el mayor problema por el desborde del r\u00edo Acre en Cobija ya pas\u00f3.<\/p>\n<p style=\"text-align: justify;\">Dijo que se est\u00e1 atendiendo a las personas que est\u00e1n en los albergues y estima que entre 10 y 15 d\u00edas podr\u00edan retornar a sus viviendas.<\/p>\n<p style=\"text-align: justify;\">Remarc\u00f3 que se est\u00e1 haciendo patrullaje permanente en la v\u00eda pluvial y terrestre en algunas comunidades, de las cuales no se tienen reporte de da\u00f1os materiales de consideraci\u00f3n, tampoco se reportan personas heridas ni desaparecidas.<\/p>\n<p style=\"text-align: justify;\">\u201cPor el momento, la alerta roja persiste en el municipio y vamos a seguir trabajando para que los d\u00edas que vienen, las familias puedan tener comodidad a pesar de la adversidad que han sufrido\u201d, manifest\u00f3 el viceministro Calvimontes.<\/p>\n<p style=\"text-align: justify;\">Por su parte, el ministro de Salud, Jeyson Auza, inform\u00f3 que entre el s\u00e1bado y domingo desplegaron 150 profesionales m\u00e9dicos en la zona afectada por las inundaciones en Pando, donde se atendieron a 811 personas con diferentes patolog\u00edas. Entre las atenciones se brind\u00f3 auxilio sanitario a 47 menores de edad, 17 personas mayores de 60 a\u00f1os, 32 con enfermedades cr\u00f3nicas y seis embarazadas. \u201cVamos a brindar la mejor atenci\u00f3n que se pueda dar a estas familias afectadas\u201d, a\u00f1adi\u00f3.<\/p>\n","protected":false},"excerpt":{"rendered":"<p>Despu\u00e9s de dos d\u00edas del desborde del r\u00edo Acre, el nivel de las aguas comienzan a bajar, pero anegaron comunidades y barrios de la ciudad de Cobija, dejando m\u00e1s de 500 familias damnificadas y 350 viviendas en medio del agua. Las autoridades se preparan para encarar un plan de limpieza una vez que el terreno [&hellip;]<\/p>\n","protected":false},"author":4,"featured_media":46785,"comment_status":"open","ping_status":"closed","sticky":false,"template":"","format":"standard","meta":{"footnotes":""},"categories":[20,47,48],"tags":[],"class_list":{"0":"post-46784","1":"post","2":"type-post","3":"status-publish","4":"format-standard","5":"has-post-thumbnail","7":"category-actualidad","8":"category-portada-actualidad","9":"category-portada-general-sitio"},"_links":{"self":[{"href":"https:\/\/jms.com.bo\/mediamonitor\/wp-json\/wp\/v2\/posts\/46784","targetHints":{"allow":["GET"]}}],"collection":[{"href":"https:\/\/jms.com.bo\/mediamonitor\/wp-json\/wp\/v2\/posts"}],"about":[{"href":"https:\/\/jms.com.bo\/mediamonitor\/wp-json\/wp\/v2\/types\/post"}],"author":[{"embeddable":true,"href":"https:\/\/jms.com.bo\/mediamonitor\/wp-json\/wp\/v2\/users\/4"}],"replies":[{"embeddable":true,"href":"https:\/\/jms.com.bo\/mediamonitor\/wp-json\/wp\/v2\/comments?post=46784"}],"version-history":[{"count":0,"href":"https:\/\/jms.com.bo\/mediamonitor\/wp-json\/wp\/v2\/posts\/46784\/revisions"}],"wp:featuredmedia":[{"embeddable":true,"href":"https:\/\/jms.com.bo\/mediamonitor\/wp-json\/wp\/v2\/media\/46785"}],"wp:attachment":[{"href":"https:\/\/jms.com.bo\/mediamonitor\/wp-json\/wp\/v2\/media?parent=46784"}],"wp:term":[{"taxonomy":"category","embeddable":true,"href":"https:\/\/jms.com.bo\/mediamonitor\/wp-json\/wp\/v2\/categories?post=46784"},{"taxonomy":"post_tag","embeddable":true,"href":"https:\/\/jms.com.bo\/mediamonitor\/wp-json\/wp\/v2\/tags?post=46784"}],"curies":[{"name":"wp","href":"https:\/\/api.w.org\/{rel}","templated":true}]}}