{"id":46786,"date":"2023-03-28T06:55:21","date_gmt":"2023-03-28T10:55:21","guid":{"rendered":"https:\/\/jms.com.bo\/mediamonitor\/2023\/03\/28\/cidh-inicia-visita-y-asiste-al-desagravio-a-vocales-acusados-por-fraude-en-2019\/"},"modified":"2023-03-28T06:55:21","modified_gmt":"2023-03-28T10:55:21","slug":"cidh-inicia-visita-y-asiste-al-desagravio-a-vocales-acusados-por-fraude-en-2019","status":"publish","type":"post","link":"https:\/\/jms.com.bo\/mediamonitor\/2023\/03\/28\/cidh-inicia-visita-y-asiste-al-desagravio-a-vocales-acusados-por-fraude-en-2019\/","title":{"rendered":"CIDH inicia visita y asiste al desagravio a vocales acusados por fraude en 2019"},"content":{"rendered":"<p style=\"text-align: justify;\">Delegados de la Comisi\u00f3n Interamericana de Derechos Humanos (CIDH) comenzaron ayer su trabajo de \u201cmonitoreo\u201d de la aplicaci\u00f3n de los DDHH en Bolivia, donde prometieron \u201cescuchar a todas las voces\u201d. Adem\u00e1s, la delegaci\u00f3n asisti\u00f3 ayer a la sesi\u00f3n de desagravio a exvocales electorales acusados por fraude en 2019. El Ministerio de Justicia fue el encargado de entregar los reconocimientos a los exvocales del TSE. Esta acci\u00f3n fue criticada por el expresidente Carlos Mesa.<\/p>\n<p style=\"text-align: justify;\">Justicia prepar\u00f3 una \u201cSesi\u00f3n de desagravio a exvocales electorales por violaci\u00f3n de derechos humanos en el marco de las recomendaciones del GIEI\u201d. En ese acto tambi\u00e9n particip\u00f3 la delegaci\u00f3n de la CIDH.<\/p>\n<p style=\"text-align: justify;\">Los exvocales Mar\u00eda Eugenia Choque Quispe, Antonio Costas, Idelfonso Mamani, \u00c9dgar Gonzales, Lucy Cruz y Lidia Iriarte reaparecieron en el Ministerio de Justicia, donde recibieron reconocimientos preparados por el Gobierno. La expresidenta del TSE Mar\u00eda Eugenia Choque manifest\u00f3 que no hubo fraude en 2019 y denunci\u00f3 racismo en su contra. \u201cSe\u00f1ores autoridades, qu\u00e9 ten\u00edan que ver nuestros familiares y lo m\u00e1s profundo: qu\u00e9 ten\u00edan que ver nuestros hijos, qu\u00e9 ten\u00edan que hacer en este problema, pero han estado ah\u00ed, pagando algo que nunca hicieron y que nunca hicimos. Lo dicen las investigaciones nacionales, los informes internacionales, ah\u00ed est\u00e1, pueden verlo\u201d, se\u00f1al\u00f3 Choque.<\/p>\n<p style=\"text-align: justify;\">El expresidente Carlos Mesa asegur\u00f3 que la participaci\u00f3n de una comisi\u00f3n de la CIDH en el acto \u201cfue un error\u201d. \u201cExpres\u00e9 mi preocupaci\u00f3n y sorpresa. \u00bfC\u00f3mo es posible que la CIDH refrende algo que (&#8230;) fue probado como fraude por la OEA -de la que es parte la CIDH- y por la Comunidad Europea que respald\u00f3 el informe de la OEA? Me pareci\u00f3 un error que la comisi\u00f3n de la CIDH se preste \u2013en un acto p\u00fablico- a dar la impresi\u00f3n de decir que no hubo fraude, sino un golpe de Estado y eso no es verdad. Es una falta de independencia de la CIDH en un tema tan delicado\u201d, dijo a los medios.<\/p>\n<p style=\"text-align: justify;\">En noviembre de 2019, los exvocales del TSE fueron procesados y encarcelados por el caso fraude electoral durante el gobierno transitorio de Jeanine A\u00f1ez. Tras la presentaci\u00f3n de informes internacionales, los denunciados fueron acusados de irregularidades en las elecciones de 20 de octubre de 2019, en las que se dio la victoria de Evo Morales.<\/p>\n<p style=\"text-align: justify;\">Sin embargo, en julio de 2021 el caso fue cerrado en el gobierno de Luis Arce Catacora, basado en un documento del Grupo de Investigaci\u00f3n Deep Tech Lab de Bisite firmado por un docente y dos estudiantes de la Universidad de Salamanca. En ese momento la Fiscal\u00eda desestim\u00f3 en su totalidad el informe integral de la Organizaci\u00f3n de Estados Americanos (OEA), alegando que no se tratar\u00eda de una auditor\u00eda.<\/p>\n<p style=\"text-align: justify;\">Visita de la delegaci\u00f3n<\/p>\n<p style=\"text-align: justify;\">\u201cEl prop\u00f3sito es escuchar todas las voces, reunirnos con autoridades del Gobierno, estatales, organizaciones de la sociedad civil, activistas, personas defensoras de derechos humanos, gremios, personas privadas de libertad, en general con la poblaci\u00f3n en el sentido m\u00e1s amplio\u201d, explic\u00f3 Hern\u00e1ndez, relator para Bolivia de la CIDH, quien forma parte del grupo de expertos que lleg\u00f3 el pa\u00eds.<\/p>\n<p style=\"text-align: justify;\">\u201cPara la comisi\u00f3n, una visita \u2018in loco\u2019 significa la oportunidad de cumplir uno de nuestros mandatos para la observancia de los derechos humanos en los pa\u00edses de nuestra regi\u00f3n\u201d, agreg\u00f3 por su lado Arosemena de Troti\u00f1o, primera vicepresidenta de la organizaci\u00f3n en la rueda de prensa en la que, sin embargo, no se permitieron preguntas.<\/p>\n<p style=\"text-align: justify;\">La comisi\u00f3n observar\u00e1 la situaci\u00f3n de los DDHH en el pa\u00eds, con enfoque en la institucionalidad democr\u00e1tica respecto a las relaciones entre los \u00f3rganos del Estado; desaf\u00edos sobre acceso a la justicia y a las garant\u00edas judiciales; derechos econ\u00f3micos, sociales, culturales y ambientales; la discriminaci\u00f3n estructural contra poblaciones en situaci\u00f3n de vulnerabilidad, con enfoque en la situaci\u00f3n de discriminaci\u00f3n por g\u00e9nero y origen \u00e9tnico-racial, entre otros temas. Como resultado de su visita, la CIDH publicar\u00e1 un informe del pa\u00eds con observaciones, conclusiones y recomendaciones al Estado.<\/p>\n<p style=\"text-align: justify;\">Despu\u00e9s del contacto con los periodistas, la delegaci\u00f3n se reuni\u00f3 con el vicepresidente David Choquehuanca, luego la agenda prosigui\u00f3 con otra cita con el canciller Rogelio Mayta.<\/p>\n<p style=\"text-align: justify;\">Pasado el mediod\u00eda, la delegaci\u00f3n presidida por Edgardo Stuardo, especialista penalista, tuvo una cita con el defensor del Pueblo, Pedro Callisaya. \u201cVamos a informar acerca de los derechos humanos haciendo \u00e9nfasis en el tema de las personas privadas de libertad, el estado de situaci\u00f3n de los penales y los casos de seguimiento del (gobernador, Luis Fernando) Camacho al igual que el de (C\u00e9sar) Apaza\u201d, precis\u00f3 Callisaya. Hay un hermetismo sobre qu\u00e9 respuesta hubo de los expertos en estos tres casos. Desde esa organizaci\u00f3n confirmaron que el 31 de marzo se dar\u00e1 un informe amplio y detallado de las conclusiones.<\/p>\n<p style=\"text-align: justify;\">Carolina Ribera, hija de la expresidenta Jeanine A\u00f1ez, confirm\u00f3 que una comisi\u00f3n de la CIDH visitar\u00e1 hoy a la exmandataria detenida desde 2021 en el penal de Miraflores.<\/p>\n","protected":false},"excerpt":{"rendered":"<p>Delegados de la Comisi\u00f3n Interamericana de Derechos Humanos (CIDH) comenzaron ayer su trabajo de \u201cmonitoreo\u201d de la aplicaci\u00f3n de los DDHH en Bolivia, donde prometieron \u201cescuchar a todas las voces\u201d. Adem\u00e1s, la delegaci\u00f3n asisti\u00f3 ayer a la sesi\u00f3n de desagravio a exvocales electorales acusados por fraude en 2019. El Ministerio de Justicia fue el encargado [&hellip;]<\/p>\n","protected":false},"author":4,"featured_media":46787,"comment_status":"open","ping_status":"closed","sticky":false,"template":"","format":"standard","meta":{"footnotes":""},"categories":[18],"tags":[],"class_list":{"0":"post-46786","1":"post","2":"type-post","3":"status-publish","4":"format-standard","5":"has-post-thumbnail","7":"category-politica"},"_links":{"self":[{"href":"https:\/\/jms.com.bo\/mediamonitor\/wp-json\/wp\/v2\/posts\/46786","targetHints":{"allow":["GET"]}}],"collection":[{"href":"https:\/\/jms.com.bo\/mediamonitor\/wp-json\/wp\/v2\/posts"}],"about":[{"href":"https:\/\/jms.com.bo\/mediamonitor\/wp-json\/wp\/v2\/types\/post"}],"author":[{"embeddable":true,"href":"https:\/\/jms.com.bo\/mediamonitor\/wp-json\/wp\/v2\/users\/4"}],"replies":[{"embeddable":true,"href":"https:\/\/jms.com.bo\/mediamonitor\/wp-json\/wp\/v2\/comments?post=46786"}],"version-history":[{"count":0,"href":"https:\/\/jms.com.bo\/mediamonitor\/wp-json\/wp\/v2\/posts\/46786\/revisions"}],"wp:featuredmedia":[{"embeddable":true,"href":"https:\/\/jms.com.bo\/mediamonitor\/wp-json\/wp\/v2\/media\/46787"}],"wp:attachment":[{"href":"https:\/\/jms.com.bo\/mediamonitor\/wp-json\/wp\/v2\/media?parent=46786"}],"wp:term":[{"taxonomy":"category","embeddable":true,"href":"https:\/\/jms.com.bo\/mediamonitor\/wp-json\/wp\/v2\/categories?post=46786"},{"taxonomy":"post_tag","embeddable":true,"href":"https:\/\/jms.com.bo\/mediamonitor\/wp-json\/wp\/v2\/tags?post=46786"}],"curies":[{"name":"wp","href":"https:\/\/api.w.org\/{rel}","templated":true}]}}