{"id":46788,"date":"2023-03-28T06:56:30","date_gmt":"2023-03-28T10:56:30","guid":{"rendered":"https:\/\/jms.com.bo\/mediamonitor\/2023\/03\/28\/garcia-linera-hay-que-dejar-gobernar-a-lucho-basta-de-peleas\/"},"modified":"2023-03-28T06:56:30","modified_gmt":"2023-03-28T10:56:30","slug":"garcia-linera-hay-que-dejar-gobernar-a-lucho-basta-de-peleas","status":"publish","type":"post","link":"https:\/\/jms.com.bo\/mediamonitor\/2023\/03\/28\/garcia-linera-hay-que-dejar-gobernar-a-lucho-basta-de-peleas\/","title":{"rendered":"Garc\u00eda Linera: \u2018Hay que dejar gobernar a Lucho, basta de peleas\u2019"},"content":{"rendered":"<p style=\"text-align: justify;\">El exvicepresidente \u00c1lvaro Garc\u00eda Linera convoc\u00f3 este lunes a resolver las peleas internas en el Movimiento Al Socialismo (MAS) y dejar gobernar al presidente Luis Arce, pues fue electo con mayor\u00eda de votos.<\/p>\n<p style=\"text-align: justify;\">Afirm\u00f3 que gran parte de esa victoria tiene que ver con los \u201cvotos de Evo\u201d; sin embargo, Arce es el presidente electo y hay que respetar su gesti\u00f3n \u201cmientras no se desv\u00ede de la l\u00ednea\u201d.<\/p>\n<p style=\"text-align: justify;\">\u201cLa victoria de 2020 la lleva el presidente Luis y el vicepresidente David (Choquehuanca), pero una parte importante de votos viene de Evo, es un hombre que despierta emotividad en el pueblo. La victoria es tambi\u00e9n el esfuerzo de Evo y su capacidad de articulaci\u00f3n, pero el presidente es Luis, podr\u00e1 tomar medidas que no son de nuestro grado, pero hay que respetar. Ahora hay que dejarlo gobernar a Luis, mientras no se desv\u00ede de la l\u00ednea principal hay que dejarlo\u201d, indic\u00f3, en entrevista con DTV.<\/p>\n<p style=\"text-align: justify;\">En entrevista con el programa \u201cDetr\u00e1s de la Verdad\u201d, Garc\u00eda Linera dijo que el grado de tensi\u00f3n y separaci\u00f3n al que ha llegado el MAS es muy riesgoso.<\/p>\n<p style=\"text-align: justify;\">Exhort\u00f3 a que el presidente Arce frene los ataques al exmandatario Evo Morales, que vienen de parte de funcionarios p\u00fablicos del actual Gobierno.<\/p>\n<p style=\"text-align: justify;\">\u201cEl MAS sufri\u00f3 varias fisuras, pero esta es la m\u00e1s peligrosa por un motivo central, que se ha separado el liderazgo social de Evo Morales del liderazgo estatal de Luis Arce\u201d.<\/p>\n<p style=\"text-align: justify;\">Lament\u00f3 que las fisuras no se hayan resuelto antes, poniendo en peligro la estabilidad del partido y el triunfo en las futuras elecciones de 2025.<\/p>\n<p style=\"text-align: justify;\">\u201cLas dificultades han surgido de inicio, de algo m\u00e1s sencillo y manejable, pero se ha dejado madurar hasta ver este tipo de diferencias\u201d.<\/p>\n<p style=\"text-align: justify;\">En riesgo<br \/>\nEl exvicepresidente revel\u00f3 que a Morales le cost\u00f3 admitir que ya no era presidente y que un compa\u00f1ero suyo era el que estaba gobernando. Por ello, seg\u00fan \u00e9l, las distancias se fueron ahondando y se ha puesto en riesgo la unidad del partido.<\/p>\n<p style=\"text-align: justify;\">\u201cA Evo le cost\u00f3 al inicio admitir que no era presidente, 14 a\u00f1os siendo el presidente m\u00e1s importante y ver que un compa\u00f1ero suyo est\u00e9 gobern\u00e1ndole ha costado asumir. Esto que era administrarle se dej\u00f3 que madure, hasta generar estas distancias y est\u00e1 en riesgo la unidad. De continuar estas diferencias pueden llegar a divisiones y si el MAS se divide, se pierde las elecciones en 2025, independiente de que la oposici\u00f3n est\u00e9 en la lona\u201d.<\/p>\n<p style=\"text-align: justify;\">Dijo que hay peligro incluso de la aparici\u00f3n de una tercera persona que le d\u00e9 certidumbre al pa\u00eds y se gan\u00e9 el voto del pueblo.<\/p>\n<p style=\"text-align: justify;\">\u201cEsto que estamos viendo, sin acuerdos, atac\u00e1ndose, genera incertidumbre, nunca antes hab\u00edamos generado esto, siempre apostamos por dar certidumbre al pueblo. Ahora estamos ofreciendo pelea, divisiones, enfrentamientos entre nosotros. Hay que salir de esta divisi\u00f3n y unificar el instrumento. No deber\u00edamos estar dando estos espect\u00e1culos que deber\u00edan resolverse en casa, no exhibi\u00e9ndolos en el balc\u00f3n\u201d.<\/p>\n<p style=\"text-align: justify;\">Pelea electoral<br \/>\nEn criterio de Garc\u00eda Linera, la pelea en el MAS es electoral y se ha adelantado demasiado, lo que est\u00e1 generando las fisuras. \u201cNo destruyan esta que es una obra de cientos de miles de personas que lucharon contra el neoliberalismo desde hace m\u00e1s de 20 a\u00f1os. Por competencias y angurrias personales no vayamos a afectar esta unidad del pueblo\u201d.<\/p>\n","protected":false},"excerpt":{"rendered":"<p>El exvicepresidente \u00c1lvaro Garc\u00eda Linera convoc\u00f3 este lunes a resolver las peleas internas en el Movimiento Al Socialismo (MAS) y dejar gobernar al presidente Luis Arce, pues fue electo con mayor\u00eda de votos. Afirm\u00f3 que gran parte de esa victoria tiene que ver con los \u201cvotos de Evo\u201d; sin embargo, Arce es el presidente electo [&hellip;]<\/p>\n","protected":false},"author":4,"featured_media":46789,"comment_status":"open","ping_status":"closed","sticky":false,"template":"","format":"standard","meta":{"footnotes":""},"categories":[18],"tags":[],"class_list":{"0":"post-46788","1":"post","2":"type-post","3":"status-publish","4":"format-standard","5":"has-post-thumbnail","7":"category-politica"},"_links":{"self":[{"href":"https:\/\/jms.com.bo\/mediamonitor\/wp-json\/wp\/v2\/posts\/46788","targetHints":{"allow":["GET"]}}],"collection":[{"href":"https:\/\/jms.com.bo\/mediamonitor\/wp-json\/wp\/v2\/posts"}],"about":[{"href":"https:\/\/jms.com.bo\/mediamonitor\/wp-json\/wp\/v2\/types\/post"}],"author":[{"embeddable":true,"href":"https:\/\/jms.com.bo\/mediamonitor\/wp-json\/wp\/v2\/users\/4"}],"replies":[{"embeddable":true,"href":"https:\/\/jms.com.bo\/mediamonitor\/wp-json\/wp\/v2\/comments?post=46788"}],"version-history":[{"count":0,"href":"https:\/\/jms.com.bo\/mediamonitor\/wp-json\/wp\/v2\/posts\/46788\/revisions"}],"wp:featuredmedia":[{"embeddable":true,"href":"https:\/\/jms.com.bo\/mediamonitor\/wp-json\/wp\/v2\/media\/46789"}],"wp:attachment":[{"href":"https:\/\/jms.com.bo\/mediamonitor\/wp-json\/wp\/v2\/media?parent=46788"}],"wp:term":[{"taxonomy":"category","embeddable":true,"href":"https:\/\/jms.com.bo\/mediamonitor\/wp-json\/wp\/v2\/categories?post=46788"},{"taxonomy":"post_tag","embeddable":true,"href":"https:\/\/jms.com.bo\/mediamonitor\/wp-json\/wp\/v2\/tags?post=46788"}],"curies":[{"name":"wp","href":"https:\/\/api.w.org\/{rel}","templated":true}]}}