{"id":46790,"date":"2023-03-28T06:57:59","date_gmt":"2023-03-28T10:57:59","guid":{"rendered":"https:\/\/jms.com.bo\/mediamonitor\/2023\/03\/28\/unidos-evistas-y-arcistas-aprueban-la-convocatoria-y-reglamento-de-judiciales\/"},"modified":"2023-03-28T06:57:59","modified_gmt":"2023-03-28T10:57:59","slug":"unidos-evistas-y-arcistas-aprueban-la-convocatoria-y-reglamento-de-judiciales","status":"publish","type":"post","link":"https:\/\/jms.com.bo\/mediamonitor\/2023\/03\/28\/unidos-evistas-y-arcistas-aprueban-la-convocatoria-y-reglamento-de-judiciales\/","title":{"rendered":"Unidos, evistas y arcistas aprueban la convocatoria y reglamento de judiciales"},"content":{"rendered":"<p class=\"p_0\" style=\"text-align: justify;\">Arcistas y evistas del Movimiento Al Socialismo (MAS) olvidaron ayer sus diferencias, se unieron, lograron la mayor\u00eda absoluta y aplicaron su rodillo parlamentario para aprobar el reglamento y la convocatoria para las elecciones judiciales de 2023.<\/p>\n<p class=\"p_1\" style=\"text-align: justify;\">A pesar de los gritos de rechazo de los opositores, la norma se aprob\u00f3 sin debate y sin tomar en cuenta las propuestas de la oposici\u00f3n. La bancada de Comunidad Ciudadana (CC) denunci\u00f3 irregularidades en el proceso y dijo que \u201cya est\u00e1 todo cocinado\u201d por el MAS.<\/p>\n<p class=\"p_2\" style=\"text-align: justify;\">\u201cSe aprueba la moci\u00f3n de suficiente discusi\u00f3n. Ahora vamos a proceder a votar; las hermanas y hermanos asamble\u00edstas que est\u00e9n de acuerdo con el proyecto de resoluci\u00f3n de aprobar el reglamento y la convocatoria al proceso de selecci\u00f3n de candidatas y candidatos para conformar el Tribunal Constitucional Plurinacional, Tribunal Supremo de Justicia, Tribunal Agroambiental, Consejo de la Magistratura, con los ajustes aprobados en comisi\u00f3n, s\u00edrvanse levantar la mano. Informe senador secretario\u201d, instruy\u00f3 ayer el presidente de la Asamblea Legislativa Plurinacional (ALP), David Choquehuanca.<\/p>\n<p class=\"p_3\" style=\"text-align: justify;\">\u201cExiste mayor\u00eda absoluta, presidente\u201d, dijo el senador secretario a lo que Choquehuanca confirm\u00f3: \u201cQueda aprobada la resoluci\u00f3n, el reglamento y convocatoria presentada por la comisi\u00f3n por lo que las propuestas alternativas no ser\u00e1n consideradas\u201d.<\/p>\n<p class=\"p_4\" style=\"text-align: justify;\">La directiva camaral de la ALP llev\u00f3 adelante la sesi\u00f3n y la aprobaci\u00f3n de las normas para las elecciones judiciales en medio de protestas de diputados de la oposici\u00f3n que exig\u00edan que antes de su aprobaci\u00f3n se realice el debate. Esta solicitud no pas\u00f3.<\/p>\n<p class=\"p_5\" style=\"text-align: justify;\">\u201cSe instruye la publicaci\u00f3n de la convocatoria previamente ajustada y compatibilizada al reglamento. Al haber agotado el orden del d\u00eda, damos por concluida la presente sesi\u00f3n\u201d, dijo Choquehuanca dando fin a la sesi\u00f3n, mientras que algunos opositores continuaban pidiendo la palabra y dando gritos.<\/p>\n<p class=\"p_6\" style=\"text-align: justify;\">CC: \u201cTodo tienen cocinado\u201d<\/p>\n<p class=\"p_7\" style=\"text-align: justify;\">Tras la sesi\u00f3n, el diputado Carlos Alarc\u00f3n, de CC, afirm\u00f3 que Choquehuanca, el presidente de la ALP, tuvo \u201cuna actuaci\u00f3n bochornosa\u201d porque interrumpi\u00f3 el debate de \u201cmanera arbitraria\u201d a pesar de que pidi\u00f3 que la oposici\u00f3n presente sus propuestas, pero se descartaron.<\/p>\n<p class=\"p_8\" style=\"text-align: justify;\">\u201cEsto demuestra que ya todo tienen cocinado. Han aprobado una convocatoria con puntos suspensivos y sin plazos definidos en la convocatoria\u201d, afirm\u00f3 Alarc\u00f3n a Unitel.<\/p>\n<p class=\"p_9\" style=\"text-align: justify;\">Cont\u00f3 que en el proyecto aprobado no est\u00e1 la fecha de la presentaci\u00f3n de los postulantes y ese espacio est\u00e1 con puntos suspensivos. Agreg\u00f3 que luego de que un t\u00e9cnico \u201cle sopl\u00f3 algo al o\u00eddo\u201d a Choquehuanca, \u00e9l dijo que las postulaciones corren desde ma\u00f1ana.<\/p>\n<p class=\"p_10\" style=\"text-align: justify;\">\u201c\u00c9ste es un reglamento del Gobierno, como lo llamamos el \u2018reglamento Lima\u2019 que nos va a dar como resultado \u2018jueces ABC\u2019. Eso es para tapar la corrupci\u00f3n, para seguir con la persecuci\u00f3n pol\u00edtica\u201d, protest\u00f3 Alarc\u00f3n.<\/p>\n<p class=\"p_11\" style=\"text-align: justify;\">En tanto, el senador Rub\u00e9n Guti\u00e9rrez, del MAS, admiti\u00f3 que no se tomaron en cuenta las propuestas de la oposici\u00f3n y se apresuraron en adelantar que este martes se publicar\u00e1 la convocatoria para todos los postulantes a las elecciones judiciales.<\/p>\n<p class=\"p_12\" style=\"text-align: justify;\">\u201cA partir del mi\u00e9rcoles 29 de marzo inicia el proceso de recepci\u00f3n de postulaciones para las altas autoridades del \u00d3rgano Judicial. A partir de ese momento, se tienen 80 d\u00edas para cumplir con la preselecci\u00f3n de los candidatos y despu\u00e9s el Tribunal Supremo Electoral tiene 150 d\u00edas para organizar y administrar el proceso electoral\u201d, dijo Guti\u00e9rrez a Red Uno.<\/p>\n<p class=\"p_13\" style=\"text-align: justify;\">Tras que arcistas y evistas se unieron para aprobar el reglamento surgi\u00f3 la pregunta: \u00bfRealmente existe divisi\u00f3n en el MAS?, a lo que la diputada arcista, Deysi Choque, dijo: \u201cTodos somos masistas\u201d. \u201cAntes de cualquier denominativo, somos masistas y los que conocemos los principios pol\u00edticos, vamos a poner primero siempre al pueblo\u201d, dijo a Red Uno.<\/p>\n","protected":false},"excerpt":{"rendered":"<p>Arcistas y evistas del Movimiento Al Socialismo (MAS) olvidaron ayer sus diferencias, se unieron, lograron la mayor\u00eda absoluta y aplicaron su rodillo parlamentario para aprobar el reglamento y la convocatoria para las elecciones judiciales de 2023. A pesar de los gritos de rechazo de los opositores, la norma se aprob\u00f3 sin debate y sin tomar [&hellip;]<\/p>\n","protected":false},"author":4,"featured_media":46791,"comment_status":"open","ping_status":"closed","sticky":false,"template":"","format":"standard","meta":{"footnotes":""},"categories":[18,48,46],"tags":[],"class_list":{"0":"post-46790","1":"post","2":"type-post","3":"status-publish","4":"format-standard","5":"has-post-thumbnail","7":"category-politica","8":"category-portada-general-sitio","9":"category-portada-politica"},"_links":{"self":[{"href":"https:\/\/jms.com.bo\/mediamonitor\/wp-json\/wp\/v2\/posts\/46790","targetHints":{"allow":["GET"]}}],"collection":[{"href":"https:\/\/jms.com.bo\/mediamonitor\/wp-json\/wp\/v2\/posts"}],"about":[{"href":"https:\/\/jms.com.bo\/mediamonitor\/wp-json\/wp\/v2\/types\/post"}],"author":[{"embeddable":true,"href":"https:\/\/jms.com.bo\/mediamonitor\/wp-json\/wp\/v2\/users\/4"}],"replies":[{"embeddable":true,"href":"https:\/\/jms.com.bo\/mediamonitor\/wp-json\/wp\/v2\/comments?post=46790"}],"version-history":[{"count":0,"href":"https:\/\/jms.com.bo\/mediamonitor\/wp-json\/wp\/v2\/posts\/46790\/revisions"}],"wp:featuredmedia":[{"embeddable":true,"href":"https:\/\/jms.com.bo\/mediamonitor\/wp-json\/wp\/v2\/media\/46791"}],"wp:attachment":[{"href":"https:\/\/jms.com.bo\/mediamonitor\/wp-json\/wp\/v2\/media?parent=46790"}],"wp:term":[{"taxonomy":"category","embeddable":true,"href":"https:\/\/jms.com.bo\/mediamonitor\/wp-json\/wp\/v2\/categories?post=46790"},{"taxonomy":"post_tag","embeddable":true,"href":"https:\/\/jms.com.bo\/mediamonitor\/wp-json\/wp\/v2\/tags?post=46790"}],"curies":[{"name":"wp","href":"https:\/\/api.w.org\/{rel}","templated":true}]}}