{"id":46792,"date":"2023-03-28T06:59:11","date_gmt":"2023-03-28T10:59:11","guid":{"rendered":"https:\/\/jms.com.bo\/mediamonitor\/2023\/03\/28\/montenegro-la-economia-sufrio-dos-golpes-duros\/"},"modified":"2023-03-28T06:59:11","modified_gmt":"2023-03-28T10:59:11","slug":"montenegro-la-economia-sufrio-dos-golpes-duros","status":"publish","type":"post","link":"https:\/\/jms.com.bo\/mediamonitor\/2023\/03\/28\/montenegro-la-economia-sufrio-dos-golpes-duros\/","title":{"rendered":"Montenegro: La econom\u00eda sufri\u00f3 dos golpes duros"},"content":{"rendered":"<p style=\"text-align: justify;\">El ministro de Econom\u00eda, Marcelo Montenegro, dijo ayer que la econom\u00eda nacional sufri\u00f3 dos golpes duros, como fue la pandemia del COVID-19 con la paralizaci\u00f3n de actividades, y los efectos de la guerra entre Rusia y Ucrania que agudizaron la incertidumbre a escala mundial.<\/p>\n<p style=\"text-align: justify;\">\u201cSe\u00f1alamos que el Gobierno viene aplicando medidas en pro del pueblo boliviano, saben que hay una recuperaci\u00f3n de la econom\u00eda que ha sufrido dos golpes duros que en ninguna etapa de alg\u00fan a\u00f1o de la gesti\u00f3n del gobierno de Evo Morales ha sentido. Nunca ha vivido una situaci\u00f3n tan compleja como la que nosotros hemos tenido que afrontar y hemos sabido salir adelante\u201d, dijo Montenegro.<\/p>\n<p style=\"text-align: justify;\">Record\u00f3 que el efecto de la pandemia llev\u00f3 a la econom\u00eda al peor resultado y que, ese momento, en 2020, durante el \u201cgobierno de facto\u201d, las autoridades mostraban que con las medidas de paralizar la inversi\u00f3n p\u00fablica, de proscribir a las empresas p\u00fablicas, la \u201ceconom\u00eda se estaba paralizando\u201d.<\/p>\n<p style=\"text-align: justify;\">Y la pandemia del COVID-19 fue el mejor argumento utilizado por el gobierno transitorio para su \u201cinacci\u00f3n econ\u00f3mica\u201d que \u201ctermin\u00f3 en una recesi\u00f3n del 8,7% (del PIB), una variaci\u00f3n negativa no vista en cuatro d\u00e9cadas y con un d\u00e9ficit fiscal de 12,7%\u201d, agreg\u00f3 el Ministro de Econom\u00eda.<\/p>\n<p style=\"text-align: justify;\">\u201cSeguramente nuestro compa\u00f1ero Evo Morales no pudo ver en ninguna de sus gestiones de gobierno, en ning\u00fan a\u00f1o de su gesti\u00f3n de gobierno, semejante d\u00e9ficit fiscal, semejante ca\u00edda de la actividad econ\u00f3mica. Ese es un escenario que jam\u00e1s enfrent\u00f3 y que el gobierno de Luis Arce tuvo que hacer frente\u201d, dijo.<\/p>\n<p style=\"text-align: justify;\">Tambi\u00e9n puede leer: Econom\u00eda dice que asamble\u00edstas del MAS \u2018no est\u00e1n en contra\u2019 de la Ley de compra de oro y conf\u00eda en su aprobaci\u00f3n<br \/>\nRecord\u00f3 que ni bien se estaba saliendo del problema del COVID- 19, volvi\u00f3 a haber un \u201ctrastorno\u201d en la econom\u00eda mundial con los efectos econ\u00f3micos de la guerra Rusia y Ucrania que elevaron los precios de los hidrocarburos, de los energ\u00e9ticos, de fertilizantes y de los agroqu\u00edmicos.<\/p>\n<p style=\"text-align: justify;\">\u201c\u00bfQu\u00e9 ha hecho la econom\u00eda boliviana?, nuevamente darle una respuesta concreta para saber responder a este escenario que ni bien ha pasado unos cuantos meses de una supuesta normalidad, nos encontramos frente a una nueva convulsi\u00f3n a nivel econ\u00f3mico global\u201d, indic\u00f3.<\/p>\n<p style=\"text-align: justify;\">Agreg\u00f3 que ante esa salida, nuevamente la convulsi\u00f3n mundial le va dando golpes a la econom\u00eda de los pa\u00edses emergentes y Bolivia vuelve a dar una respuesta en pro de su econom\u00eda y de su poblaci\u00f3n, manteniendo la estabilidad de precios y el bienestar que el pueblo requiere y que \u201ceso se ve en la reducci\u00f3n del desempleo (y) estabilidad de precios que el pueblo pondera\u201d.<\/p>\n","protected":false},"excerpt":{"rendered":"<p>El ministro de Econom\u00eda, Marcelo Montenegro, dijo ayer que la econom\u00eda nacional sufri\u00f3 dos golpes duros, como fue la pandemia del COVID-19 con la paralizaci\u00f3n de actividades, y los efectos de la guerra entre Rusia y Ucrania que agudizaron la incertidumbre a escala mundial. \u201cSe\u00f1alamos que el Gobierno viene aplicando medidas en pro del pueblo [&hellip;]<\/p>\n","protected":false},"author":4,"featured_media":46793,"comment_status":"open","ping_status":"closed","sticky":false,"template":"","format":"standard","meta":{"footnotes":""},"categories":[25],"tags":[],"class_list":{"0":"post-46792","1":"post","2":"type-post","3":"status-publish","4":"format-standard","5":"has-post-thumbnail","7":"category-economia"},"_links":{"self":[{"href":"https:\/\/jms.com.bo\/mediamonitor\/wp-json\/wp\/v2\/posts\/46792","targetHints":{"allow":["GET"]}}],"collection":[{"href":"https:\/\/jms.com.bo\/mediamonitor\/wp-json\/wp\/v2\/posts"}],"about":[{"href":"https:\/\/jms.com.bo\/mediamonitor\/wp-json\/wp\/v2\/types\/post"}],"author":[{"embeddable":true,"href":"https:\/\/jms.com.bo\/mediamonitor\/wp-json\/wp\/v2\/users\/4"}],"replies":[{"embeddable":true,"href":"https:\/\/jms.com.bo\/mediamonitor\/wp-json\/wp\/v2\/comments?post=46792"}],"version-history":[{"count":0,"href":"https:\/\/jms.com.bo\/mediamonitor\/wp-json\/wp\/v2\/posts\/46792\/revisions"}],"wp:featuredmedia":[{"embeddable":true,"href":"https:\/\/jms.com.bo\/mediamonitor\/wp-json\/wp\/v2\/media\/46793"}],"wp:attachment":[{"href":"https:\/\/jms.com.bo\/mediamonitor\/wp-json\/wp\/v2\/media?parent=46792"}],"wp:term":[{"taxonomy":"category","embeddable":true,"href":"https:\/\/jms.com.bo\/mediamonitor\/wp-json\/wp\/v2\/categories?post=46792"},{"taxonomy":"post_tag","embeddable":true,"href":"https:\/\/jms.com.bo\/mediamonitor\/wp-json\/wp\/v2\/tags?post=46792"}],"curies":[{"name":"wp","href":"https:\/\/api.w.org\/{rel}","templated":true}]}}