{"id":46800,"date":"2023-03-28T07:05:02","date_gmt":"2023-03-28T11:05:02","guid":{"rendered":"https:\/\/jms.com.bo\/mediamonitor\/2023\/03\/28\/gobierno-socializa-con-la-cob-el-avance-de-la-industrializacion-del-litio-en-bolivia\/"},"modified":"2023-03-28T07:05:02","modified_gmt":"2023-03-28T11:05:02","slug":"gobierno-socializa-con-la-cob-el-avance-de-la-industrializacion-del-litio-en-bolivia","status":"publish","type":"post","link":"https:\/\/jms.com.bo\/mediamonitor\/2023\/03\/28\/gobierno-socializa-con-la-cob-el-avance-de-la-industrializacion-del-litio-en-bolivia\/","title":{"rendered":"Gobierno socializa con la COB el avance de la industrializaci\u00f3n del litio en Bolivia"},"content":{"rendered":"<p style=\"text-align: justify;\">El Gobierno socializa con la Central Obrera Boliviana (COB) el avance del proyecto de industrializaci\u00f3n del litio en Bolivia para la sustituci\u00f3n de importaciones, inform\u00f3 este lunes el ministro de Hidrocarburos y Energ\u00edas, Franklin Molina.<\/p>\n<p style=\"text-align: justify;\">\u201cAcabamos de hacer una presentaci\u00f3n conjuntamente con la COB y parte del trabajo que hemos desarrollado en funci\u00f3n a las mesas de trabajo inauguradas la anterior semana tiene que ver tambi\u00e9n con la socializaci\u00f3n y en este caso mostrar el trabajo t\u00e9cnico que desarrolla el sector\u201d, indic\u00f3 en conferencia de prensa.<\/p>\n<p style=\"text-align: justify;\">El ministro Molina, junto con la ministra de Trabajo, Ver\u00f3nica Navia, explic\u00f3 la nacionalizaci\u00f3n de los recursos naturales y la industrializaci\u00f3n en el pa\u00eds en un taller de socializaci\u00f3n con miembros de la COB en ambientes del Centro de Telecomunicaciones en la ciudad de La Paz.<\/p>\n<p style=\"text-align: justify;\">\u201cNuestra gesti\u00f3n, a la cabeza del presidente Luis Arce, ha iniciado un trabajo profundamente serio en cuanto a la industrializaci\u00f3n de los recursos naturales que tiene que ver con avanzar en la sustituci\u00f3n de importaciones, pero tambi\u00e9n tiene que ver con la industrializaci\u00f3n del litio\u201d, explic\u00f3.<\/p>\n<p style=\"text-align: justify;\">En esa l\u00ednea, destac\u00f3 que en el tiempo de gesti\u00f3n de Gobierno del presidente Arce se desarroll\u00f3 \u201caspectos muy concretos\u201d como el convenio firmado por Yacimientos de Litio Bolivianos (YLB) y el consorcio chino CATL BRUNP &amp; CMOC (CBC) para construir dos plantas de producci\u00f3n de carbonato de litio, cada una con una capacidad de hasta 25.000 toneladas (t), con tecnolog\u00eda EDL (Extracci\u00f3n Directa de Litio) en los salares de Uyuni y Coipasa, en los departamentos de Potos\u00ed y Oruro.<\/p>\n<p style=\"text-align: justify;\">\u201cLa firma de este importante convenio ha comprometido la inversi\u00f3n de alrededor de 1.000 millones de d\u00f3lares en la industrializaci\u00f3n de dos salares en Coipasa y Uyuni. (Ello) muestra no solamente la seriedad del trabajo hecho sino tambi\u00e9n toda la acci\u00f3n conjunta en cuanto a nuestras empresas del Estado, YLB\u201d, sostuvo.<\/p>\n<p style=\"text-align: justify;\">En ese contexto, el ministro Molina indic\u00f3 que no s\u00f3lo se invertir\u00e1 esos $us 1.000 millones, pues en los \u201cpr\u00f3ximos d\u00edas\u201d en Gobierno har\u00e1 \u201canuncios importantes\u201d respecto a la industrializaci\u00f3n del metal blanco.<\/p>\n<p style=\"text-align: justify;\">\u201cNo se olviden que dentro del proceso de selecci\u00f3n para Extracci\u00f3n Directa del Litio fueron como seis empresas las que llegaron a esta parte y estamos en ese proceso en este momento esperamos poder dar un anuncio importante al pa\u00eds\u201d, remarc\u00f3.<\/p>\n<p style=\"text-align: justify;\">El ministro resalt\u00f3 que con esas importantes factor\u00edas con tecnolog\u00eda EDL y la Planta Industrial de Carbonato de Litio el pa\u00eds superar\u00e1 una producci\u00f3n de 65.000 toneladas de este derivado, que actualmente es demandando para la fabricaci\u00f3n de bater\u00edas de litio.<\/p>\n","protected":false},"excerpt":{"rendered":"<p>El Gobierno socializa con la Central Obrera Boliviana (COB) el avance del proyecto de industrializaci\u00f3n del litio en Bolivia para la sustituci\u00f3n de importaciones, inform\u00f3 este lunes el ministro de Hidrocarburos y Energ\u00edas, Franklin Molina. \u201cAcabamos de hacer una presentaci\u00f3n conjuntamente con la COB y parte del trabajo que hemos desarrollado en funci\u00f3n a las [&hellip;]<\/p>\n","protected":false},"author":4,"featured_media":46801,"comment_status":"open","ping_status":"closed","sticky":false,"template":"","format":"standard","meta":{"footnotes":""},"categories":[39],"tags":[],"class_list":{"0":"post-46800","1":"post","2":"type-post","3":"status-publish","4":"format-standard","5":"has-post-thumbnail","7":"category-energia"},"_links":{"self":[{"href":"https:\/\/jms.com.bo\/mediamonitor\/wp-json\/wp\/v2\/posts\/46800","targetHints":{"allow":["GET"]}}],"collection":[{"href":"https:\/\/jms.com.bo\/mediamonitor\/wp-json\/wp\/v2\/posts"}],"about":[{"href":"https:\/\/jms.com.bo\/mediamonitor\/wp-json\/wp\/v2\/types\/post"}],"author":[{"embeddable":true,"href":"https:\/\/jms.com.bo\/mediamonitor\/wp-json\/wp\/v2\/users\/4"}],"replies":[{"embeddable":true,"href":"https:\/\/jms.com.bo\/mediamonitor\/wp-json\/wp\/v2\/comments?post=46800"}],"version-history":[{"count":0,"href":"https:\/\/jms.com.bo\/mediamonitor\/wp-json\/wp\/v2\/posts\/46800\/revisions"}],"wp:featuredmedia":[{"embeddable":true,"href":"https:\/\/jms.com.bo\/mediamonitor\/wp-json\/wp\/v2\/media\/46801"}],"wp:attachment":[{"href":"https:\/\/jms.com.bo\/mediamonitor\/wp-json\/wp\/v2\/media?parent=46800"}],"wp:term":[{"taxonomy":"category","embeddable":true,"href":"https:\/\/jms.com.bo\/mediamonitor\/wp-json\/wp\/v2\/categories?post=46800"},{"taxonomy":"post_tag","embeddable":true,"href":"https:\/\/jms.com.bo\/mediamonitor\/wp-json\/wp\/v2\/tags?post=46800"}],"curies":[{"name":"wp","href":"https:\/\/api.w.org\/{rel}","templated":true}]}}