{"id":46802,"date":"2023-03-28T07:07:50","date_gmt":"2023-03-28T11:07:50","guid":{"rendered":"https:\/\/jms.com.bo\/mediamonitor\/2023\/03\/28\/ende-explora-en-santa-cruz-nuevas-zonas-para-generar-energia-electrica-con-la-fuerza-del-viento\/"},"modified":"2023-03-28T07:07:50","modified_gmt":"2023-03-28T11:07:50","slug":"ende-explora-en-santa-cruz-nuevas-zonas-para-generar-energia-electrica-con-la-fuerza-del-viento","status":"publish","type":"post","link":"https:\/\/jms.com.bo\/mediamonitor\/2023\/03\/28\/ende-explora-en-santa-cruz-nuevas-zonas-para-generar-energia-electrica-con-la-fuerza-del-viento\/","title":{"rendered":"ENDE explora en Santa Cruz nuevas zonas para generar energ\u00eda el\u00e9ctrica con la fuerza del viento"},"content":{"rendered":"<p style=\"text-align: justify;\">Una medici\u00f3n e\u00f3lica se realizar\u00e1 en Warnes, Montero y Cabezas, departamento de Santa Cruz, para identificar zonas que presentan condiciones \u00f3ptimas en vista a emplazar nuevos parques e\u00f3licos con la finalidad de generar energ\u00eda el\u00e9ctrica renovable, inform\u00f3 ENDE Corporaci\u00f3n.<\/p>\n<p style=\"text-align: justify;\">Cada campa\u00f1a, como se denomina a este trabajo, tiene una duraci\u00f3n m\u00ednima de dos a\u00f1os y consiste en la instalaci\u00f3n de torres de medici\u00f3n e\u00f3lica, de acuerdo con est\u00e1ndares internacionales, que incluye la operaci\u00f3n y mantenimiento de equipos, se explic\u00f3 en un bolet\u00edn institucional.<\/p>\n<p style=\"text-align: justify;\">Al finalizar las campa\u00f1as, se dan a conocer informes con datos que establecen el potencial e\u00f3lico de las zonas de estudio, para sobre esa base iniciar el estudio de factibilidad del posible emplazamiento de un parque e\u00f3lico.<\/p>\n<p style=\"text-align: justify;\">En 2014, Bolivia comenz\u00f3 a generar 3 MW (megavatios) de energ\u00eda e\u00f3lica en el Parque E\u00f3lico Qollpana Fase 1. En la actualidad su aporte al Sistema Interconectado Nacional (SIN) alcanza a 135 MW, a trav\u00e9s de cuatro parques e\u00f3licos ubicados en los departamentos de Cochabamba y Santa Cruz. Esto muestra que la energ\u00eda producida con la fuerza del viento es viable, sostenible y efectiva en Bolivia.<\/p>\n<p style=\"text-align: justify;\">Luego de instalar las torres en Warnes, Montero y Cabezas, el primer trimestre de este a\u00f1o se comenz\u00f3 a ejecutar las mediciones de viento.<\/p>\n<p style=\"text-align: justify;\">De manera previa se evaluaron datos satelitales del Atlas E\u00f3lico de Bolivia, documento que contiene informaci\u00f3n sobre el an\u00e1lisis de trece estaciones meteorol\u00f3gicas de referencia distribuidas en todo el pa\u00eds y que, en el marco del Programa de Energ\u00edas Renovables, fue coordinado entre la Cooperaci\u00f3n Alemana al Desarrollo (GIZ), ENDE Corporaci\u00f3n y el Viceministerio de Electricidad y Energ\u00edas Alternativas.<\/p>\n<p style=\"text-align: justify;\">Estos estudios est\u00e1n a cargo de ENDE Corani, filial de ENDE Corporaci\u00f3n, que tambi\u00e9n considera factores topogr\u00e1ficos, l\u00edneas de alta tensi\u00f3n existentes en las zonas para la interconexi\u00f3n el\u00e9ctrica y caminos de acceso. Adem\u00e1s de estas cuatro campa\u00f1as de medici\u00f3n e\u00f3lica, la empresa estatal planea implementar otras similares en distintas regiones de Santa Cruz.<\/p>\n","protected":false},"excerpt":{"rendered":"<p>Una medici\u00f3n e\u00f3lica se realizar\u00e1 en Warnes, Montero y Cabezas, departamento de Santa Cruz, para identificar zonas que presentan condiciones \u00f3ptimas en vista a emplazar nuevos parques e\u00f3licos con la finalidad de generar energ\u00eda el\u00e9ctrica renovable, inform\u00f3 ENDE Corporaci\u00f3n. Cada campa\u00f1a, como se denomina a este trabajo, tiene una duraci\u00f3n m\u00ednima de dos a\u00f1os y [&hellip;]<\/p>\n","protected":false},"author":4,"featured_media":46803,"comment_status":"open","ping_status":"closed","sticky":false,"template":"","format":"standard","meta":{"footnotes":""},"categories":[39,44,48],"tags":[],"class_list":{"0":"post-46802","1":"post","2":"type-post","3":"status-publish","4":"format-standard","5":"has-post-thumbnail","7":"category-energia","8":"category-portada-energia","9":"category-portada-general-sitio"},"_links":{"self":[{"href":"https:\/\/jms.com.bo\/mediamonitor\/wp-json\/wp\/v2\/posts\/46802","targetHints":{"allow":["GET"]}}],"collection":[{"href":"https:\/\/jms.com.bo\/mediamonitor\/wp-json\/wp\/v2\/posts"}],"about":[{"href":"https:\/\/jms.com.bo\/mediamonitor\/wp-json\/wp\/v2\/types\/post"}],"author":[{"embeddable":true,"href":"https:\/\/jms.com.bo\/mediamonitor\/wp-json\/wp\/v2\/users\/4"}],"replies":[{"embeddable":true,"href":"https:\/\/jms.com.bo\/mediamonitor\/wp-json\/wp\/v2\/comments?post=46802"}],"version-history":[{"count":0,"href":"https:\/\/jms.com.bo\/mediamonitor\/wp-json\/wp\/v2\/posts\/46802\/revisions"}],"wp:featuredmedia":[{"embeddable":true,"href":"https:\/\/jms.com.bo\/mediamonitor\/wp-json\/wp\/v2\/media\/46803"}],"wp:attachment":[{"href":"https:\/\/jms.com.bo\/mediamonitor\/wp-json\/wp\/v2\/media?parent=46802"}],"wp:term":[{"taxonomy":"category","embeddable":true,"href":"https:\/\/jms.com.bo\/mediamonitor\/wp-json\/wp\/v2\/categories?post=46802"},{"taxonomy":"post_tag","embeddable":true,"href":"https:\/\/jms.com.bo\/mediamonitor\/wp-json\/wp\/v2\/tags?post=46802"}],"curies":[{"name":"wp","href":"https:\/\/api.w.org\/{rel}","templated":true}]}}