{"id":46810,"date":"2023-03-28T07:14:44","date_gmt":"2023-03-28T11:14:44","guid":{"rendered":"https:\/\/jms.com.bo\/mediamonitor\/2023\/03\/28\/el-mar-de-gas-no-era-real-ministro-responsabiliza-a-evo-de-no-invertir-para-aumentar-la-produccion-de-hidrocarburos\/"},"modified":"2023-03-28T07:14:44","modified_gmt":"2023-03-28T11:14:44","slug":"el-mar-de-gas-no-era-real-ministro-responsabiliza-a-evo-de-no-invertir-para-aumentar-la-produccion-de-hidrocarburos","status":"publish","type":"post","link":"https:\/\/jms.com.bo\/mediamonitor\/2023\/03\/28\/el-mar-de-gas-no-era-real-ministro-responsabiliza-a-evo-de-no-invertir-para-aumentar-la-produccion-de-hidrocarburos\/","title":{"rendered":"\u00abEl mar de gas no era real\u00bb: Ministro responsabiliza a Evo de no invertir para aumentar la producci\u00f3n de hidrocarburos"},"content":{"rendered":"<p style=\"text-align: justify;\">Marcelo Montenegro, ministro de Econom\u00eda y Finanzas P\u00fablicas, al momento de explicar la actual situaci\u00f3n de la econom\u00eda nacional responsabiliz\u00f3 al expresidente Juan Evo Morales, porque en su gesti\u00f3n no hizo inversiones \u2018agresivas\u2019 en la exploraci\u00f3n para incrementar la producci\u00f3n de gas natural.<\/p>\n<p style=\"text-align: justify;\">El ministro precis\u00f3 que, durante la administraci\u00f3n del MAS hubo dos momentos. El primero fue reinvertir los recursos generando valor agregado (puestos de trabajo) y el segundo se centr\u00f3 en la redistribuci\u00f3n de los ingresos.<\/p>\n<p style=\"text-align: justify;\">Montenegro precis\u00f3 que los buenos precios internacionales y los grandes vol\u00famenes de exportaci\u00f3n de gas natural permitieron generar, entre 2006 y 2019, una renta petrolera de 37.500 millones de d\u00f3lares.<\/p>\n<p style=\"text-align: justify;\">Pero luego del auge, el ministro de la cartera econ\u00f3mica remarc\u00f3 que hubo una ca\u00edda en los niveles de producci\u00f3n como resultado de que YPFB no realiz\u00f3 las inversiones necesarias para seguir manteniendo los vol\u00famenes de producci\u00f3n de gas.<\/p>\n<p style=\"text-align: justify;\">Ante la actual coyuntura, Montenegro indic\u00f3 que se est\u00e1 pagando la factura porque no se hicieron las inversiones necesarias, a tiempo de recordar que en su momento el ministro de Hidrocarburos le minti\u00f3 a Morales al indicar que \u2018Bolivia estaba en un mar de gas\u2019, cuando eso no era real.<\/p>\n<p style=\"text-align: justify;\">Recetas no lineales<\/p>\n<p style=\"text-align: justify;\">A pesar de esta situaci\u00f3n Montenegro indic\u00f3 que el modelo econ\u00f3mico boliviano pudo responder a los desaf\u00edos de un entorno complicado.<\/p>\n<p style=\"text-align: justify;\">Destac\u00f3 la reducci\u00f3n del d\u00e9ficit fiscal, que en 2018 fue de un 8,1%, en 2019 baj\u00f3 a 5,2%, en 2020 subi\u00f3 a 12,7%, en 2021 baj\u00f3 a 9,7%, en 2021 y en la gesti\u00f3n 2022 baj\u00f3 a 7,2%.<\/p>\n<p style=\"text-align: justify;\">En cuanto a los informes de las calificadoras y una posible devaluaci\u00f3n de la moneda nacional, el ministro remarc\u00f3 que las recetas econ\u00f3micas que se aplican no son lineales, pues de serlo se hubieran tomado en cuenta las recomendaciones del Fondo Monetario Internacional (FMI), como la de no pagar el doble aguinaldo, algo que no se hizo, precis\u00f3 Montenegro.<\/p>\n<p style=\"text-align: justify;\">Sobre las recomendaciones de realizar una subvenci\u00f3n de los combustibles de forma selectiva, la autoridad puntualiz\u00f3 que todos tienen derecho a plantear sugerencias y que en este sentido, desde el Ministerio de Hidrocarburos, se est\u00e1 trabajando para optimizar el subsidio, sin da\u00f1ar a la econom\u00eda popular.<\/p>\n","protected":false},"excerpt":{"rendered":"<p>Marcelo Montenegro, ministro de Econom\u00eda y Finanzas P\u00fablicas, al momento de explicar la actual situaci\u00f3n de la econom\u00eda nacional responsabiliz\u00f3 al expresidente Juan Evo Morales, porque en su gesti\u00f3n no hizo inversiones \u2018agresivas\u2019 en la exploraci\u00f3n para incrementar la producci\u00f3n de gas natural. El ministro precis\u00f3 que, durante la administraci\u00f3n del MAS hubo dos momentos. [&hellip;]<\/p>\n","protected":false},"author":4,"featured_media":46811,"comment_status":"open","ping_status":"closed","sticky":false,"template":"","format":"standard","meta":{"footnotes":""},"categories":[40,23,48,43],"tags":[],"class_list":{"0":"post-46810","1":"post","2":"type-post","3":"status-publish","4":"format-standard","5":"has-post-thumbnail","7":"category-bolivia","8":"category-hidrocarburos","9":"category-portada-general-sitio","10":"category-portada-oil-gas"},"_links":{"self":[{"href":"https:\/\/jms.com.bo\/mediamonitor\/wp-json\/wp\/v2\/posts\/46810","targetHints":{"allow":["GET"]}}],"collection":[{"href":"https:\/\/jms.com.bo\/mediamonitor\/wp-json\/wp\/v2\/posts"}],"about":[{"href":"https:\/\/jms.com.bo\/mediamonitor\/wp-json\/wp\/v2\/types\/post"}],"author":[{"embeddable":true,"href":"https:\/\/jms.com.bo\/mediamonitor\/wp-json\/wp\/v2\/users\/4"}],"replies":[{"embeddable":true,"href":"https:\/\/jms.com.bo\/mediamonitor\/wp-json\/wp\/v2\/comments?post=46810"}],"version-history":[{"count":0,"href":"https:\/\/jms.com.bo\/mediamonitor\/wp-json\/wp\/v2\/posts\/46810\/revisions"}],"wp:featuredmedia":[{"embeddable":true,"href":"https:\/\/jms.com.bo\/mediamonitor\/wp-json\/wp\/v2\/media\/46811"}],"wp:attachment":[{"href":"https:\/\/jms.com.bo\/mediamonitor\/wp-json\/wp\/v2\/media?parent=46810"}],"wp:term":[{"taxonomy":"category","embeddable":true,"href":"https:\/\/jms.com.bo\/mediamonitor\/wp-json\/wp\/v2\/categories?post=46810"},{"taxonomy":"post_tag","embeddable":true,"href":"https:\/\/jms.com.bo\/mediamonitor\/wp-json\/wp\/v2\/tags?post=46810"}],"curies":[{"name":"wp","href":"https:\/\/api.w.org\/{rel}","templated":true}]}}